{"id":7759,"date":"2020-10-13T18:02:42","date_gmt":"2020-10-13T22:02:42","guid":{"rendered":"https:\/\/bandeirantes.ms.gov.br\/v2\/?p=7759"},"modified":"2024-10-07T11:00:57","modified_gmt":"2024-10-07T15:00:57","slug":"boletim-epidemiologico-de-bandeirantes-no-dia-13-10-2020","status":"publish","type":"post","link":"https:\/\/bandeirantes.ms.gov.br\/v2\/2020\/10\/13\/boletim-epidemiologico-de-bandeirantes-no-dia-13-10-2020\/","title":{"rendered":"Boletim Epidemiol\u00f3gico de Bandeirantes no dia 13\/10\/2020"},"content":{"rendered":"<p>13<\/p>\n","protected":false},"excerpt":{"rendered":"<p>13<\/p>\n","protected":false},"author":16,"featured_media":7760,"comment_status":"closed","ping_status":"closed","sticky":false,"template":"","format":"standard","meta":{"footnotes":""},"categories":[114],"tags":[],"class_list":["post-7759","post","type-post","status-publish","format-standard","has-post-thumbnail","hentry","category-coronavirus-boletins"],"yoast_head":"<!-- This site is optimized with the Yoast SEO plugin v28.4 - https:\/\/yoast.com\/product\/yoast-seo-wordpress\/ -->\n<title>Boletim Epidemiol\u00f3gico de Bandeirantes no dia 13\/10\/2020 - Prefeitura Municipal de Bandeirantes<\/title>\n<meta name=\"robots\" content=\"index, follow, max-snippet:-1, max-image-preview:large, max-video-preview:-1\" \/>\n<link rel=\"canonical\" href=\"https:\/\/bandeirantes.ms.gov.br\/v2\/2020\/10\/13\/boletim-epidemiologico-de-bandeirantes-no-dia-13-10-2020\/\" \/>\n<meta property=\"og:locale\" content=\"pt_BR\" \/>\n<meta property=\"og:type\" content=\"article\" \/>\n<meta property=\"og:title\" content=\"Boletim Epidemiol\u00f3gico de Bandeirantes no dia 13\/10\/2020 - Prefeitura Municipal de Bandeirantes\" \/>\n<meta property=\"og:description\" content=\"13\" \/>\n<meta property=\"og:url\" content=\"https:\/\/bandeirantes.ms.gov.br\/v2\/2020\/10\/13\/boletim-epidemiologico-de-bandeirantes-no-dia-13-10-2020\/\" \/>\n<meta property=\"og:site_name\" content=\"Prefeitura Municipal de Bandeirantes\" \/>\n<meta property=\"article:published_time\" content=\"2020-10-13T22:02:42+00:00\" \/>\n<meta property=\"article:modified_time\" content=\"2024-10-07T15:00:57+00:00\" \/>\n<meta property=\"og:image\" content=\"https:\/\/bandeirantes.ms.gov.br\/v2\/wp-content\/uploads\/2020\/10\/13-10-2020.png\" \/>\n\t<meta property=\"og:image:width\" content=\"1200\" \/>\n\t<meta property=\"og:image:height\" content=\"756\" \/>\n\t<meta property=\"og:image:type\" content=\"image\/png\" \/>\n<meta name=\"author\" content=\"Comunica\u00e7\u00e3o Prefeitura\" \/>\n<meta name=\"twitter:card\" content=\"summary_large_image\" \/>\n<meta name=\"twitter:label1\" content=\"Escrito por\" \/>\n\t<meta name=\"twitter:data1\" content=\"Comunica\u00e7\u00e3o Prefeitura\" \/>\n<script type=\"application\/ld+json\" class=\"yoast-schema-graph\">{\"@context\":\"https:\\\/\\\/schema.org\",\"@graph\":[{\"@type\":\"Article\",\"@id\":\"https:\\\/\\\/bandeirantes.ms.gov.br\\\/v2\\\/2020\\\/10\\\/13\\\/boletim-epidemiologico-de-bandeirantes-no-dia-13-10-2020\\\/#article\",\"isPartOf\":{\"@id\":\"https:\\\/\\\/bandeirantes.ms.gov.br\\\/v2\\\/2020\\\/10\\\/13\\\/boletim-epidemiologico-de-bandeirantes-no-dia-13-10-2020\\\/\"},\"author\":{\"name\":\"Comunica\u00e7\u00e3o Prefeitura\",\"@id\":\"https:\\\/\\\/bandeirantes.ms.gov.br\\\/v2\\\/#\\\/schema\\\/person\\\/770546dd2c053e60575cbcab26d1cc1d\"},\"headline\":\"Boletim Epidemiol\u00f3gico de Bandeirantes no dia 13\\\/10\\\/2020\",\"datePublished\":\"2020-10-13T22:02:42+00:00\",\"dateModified\":\"2024-10-07T15:00:57+00:00\",\"mainEntityOfPage\":{\"@id\":\"https:\\\/\\\/bandeirantes.ms.gov.br\\\/v2\\\/2020\\\/10\\\/13\\\/boletim-epidemiologico-de-bandeirantes-no-dia-13-10-2020\\\/\"},\"wordCount\":7,\"publisher\":{\"@id\":\"https:\\\/\\\/bandeirantes.ms.gov.br\\\/v2\\\/#organization\"},\"image\":{\"@id\":\"https:\\\/\\\/bandeirantes.ms.gov.br\\\/v2\\\/2020\\\/10\\\/13\\\/boletim-epidemiologico-de-bandeirantes-no-dia-13-10-2020\\\/#primaryimage\"},\"thumbnailUrl\":\"https:\\\/\\\/bandeirantes.ms.gov.br\\\/v2\\\/wp-content\\\/uploads\\\/2020\\\/10\\\/13-10-2020.png\",\"articleSection\":[\"CORONAV\u00cdRUS - BOLETINS\"],\"inLanguage\":\"pt-BR\"},{\"@type\":\"WebPage\",\"@id\":\"https:\\\/\\\/bandeirantes.ms.gov.br\\\/v2\\\/2020\\\/10\\\/13\\\/boletim-epidemiologico-de-bandeirantes-no-dia-13-10-2020\\\/\",\"url\":\"https:\\\/\\\/bandeirantes.ms.gov.br\\\/v2\\\/2020\\\/10\\\/13\\\/boletim-epidemiologico-de-bandeirantes-no-dia-13-10-2020\\\/\",\"name\":\"Boletim Epidemiol\u00f3gico de Bandeirantes no dia 13\\\/10\\\/2020 - Prefeitura Municipal de Bandeirantes\",\"isPartOf\":{\"@id\":\"https:\\\/\\\/bandeirantes.ms.gov.br\\\/v2\\\/#website\"},\"primaryImageOfPage\":{\"@id\":\"https:\\\/\\\/bandeirantes.ms.gov.br\\\/v2\\\/2020\\\/10\\\/13\\\/boletim-epidemiologico-de-bandeirantes-no-dia-13-10-2020\\\/#primaryimage\"},\"image\":{\"@id\":\"https:\\\/\\\/bandeirantes.ms.gov.br\\\/v2\\\/2020\\\/10\\\/13\\\/boletim-epidemiologico-de-bandeirantes-no-dia-13-10-2020\\\/#primaryimage\"},\"thumbnailUrl\":\"https:\\\/\\\/bandeirantes.ms.gov.br\\\/v2\\\/wp-content\\\/uploads\\\/2020\\\/10\\\/13-10-2020.png\",\"datePublished\":\"2020-10-13T22:02:42+00:00\",\"dateModified\":\"2024-10-07T15:00:57+00:00\",\"breadcrumb\":{\"@id\":\"https:\\\/\\\/bandeirantes.ms.gov.br\\\/v2\\\/2020\\\/10\\\/13\\\/boletim-epidemiologico-de-bandeirantes-no-dia-13-10-2020\\\/#breadcrumb\"},\"inLanguage\":\"pt-BR\",\"potentialAction\":[{\"@type\":\"ReadAction\",\"target\":[\"https:\\\/\\\/bandeirantes.ms.gov.br\\\/v2\\\/2020\\\/10\\\/13\\\/boletim-epidemiologico-de-bandeirantes-no-dia-13-10-2020\\\/\"]}]},{\"@type\":\"ImageObject\",\"inLanguage\":\"pt-BR\",\"@id\":\"https:\\\/\\\/bandeirantes.ms.gov.br\\\/v2\\\/2020\\\/10\\\/13\\\/boletim-epidemiologico-de-bandeirantes-no-dia-13-10-2020\\\/#primaryimage\",\"url\":\"https:\\\/\\\/bandeirantes.ms.gov.br\\\/v2\\\/wp-content\\\/uploads\\\/2020\\\/10\\\/13-10-2020.png\",\"contentUrl\":\"https:\\\/\\\/bandeirantes.ms.gov.br\\\/v2\\\/wp-content\\\/uploads\\\/2020\\\/10\\\/13-10-2020.png\",\"width\":1200,\"height\":756},{\"@type\":\"BreadcrumbList\",\"@id\":\"https:\\\/\\\/bandeirantes.ms.gov.br\\\/v2\\\/2020\\\/10\\\/13\\\/boletim-epidemiologico-de-bandeirantes-no-dia-13-10-2020\\\/#breadcrumb\",\"itemListElement\":[{\"@type\":\"ListItem\",\"position\":1,\"name\":\"In\u00edcio\",\"item\":\"https:\\\/\\\/bandeirantes.ms.gov.br\\\/v2\\\/\"},{\"@type\":\"ListItem\",\"position\":2,\"name\":\"Boletim Epidemiol\u00f3gico de Bandeirantes no dia 13\\\/10\\\/2020\"}]},{\"@type\":\"WebSite\",\"@id\":\"https:\\\/\\\/bandeirantes.ms.gov.br\\\/v2\\\/#website\",\"url\":\"https:\\\/\\\/bandeirantes.ms.gov.br\\\/v2\\\/\",\"name\":\"Prefeitura Municipal de Bandeirantes\",\"description\":\"Poder Executivo\",\"publisher\":{\"@id\":\"https:\\\/\\\/bandeirantes.ms.gov.br\\\/v2\\\/#organization\"},\"potentialAction\":[{\"@type\":\"SearchAction\",\"target\":{\"@type\":\"EntryPoint\",\"urlTemplate\":\"https:\\\/\\\/bandeirantes.ms.gov.br\\\/v2\\\/?s={search_term_string}\"},\"query-input\":{\"@type\":\"PropertyValueSpecification\",\"valueRequired\":true,\"valueName\":\"search_term_string\"}}],\"inLanguage\":\"pt-BR\"},{\"@type\":\"Organization\",\"@id\":\"https:\\\/\\\/bandeirantes.ms.gov.br\\\/v2\\\/#organization\",\"name\":\"Prefeitura Municipal de Bandeirantes\",\"url\":\"https:\\\/\\\/bandeirantes.ms.gov.br\\\/v2\\\/\",\"logo\":{\"@type\":\"ImageObject\",\"inLanguage\":\"pt-BR\",\"@id\":\"https:\\\/\\\/bandeirantes.ms.gov.br\\\/v2\\\/#\\\/schema\\\/logo\\\/image\\\/\",\"url\":\"https:\\\/\\\/bandeirantes.ms.gov.br\\\/v2\\\/wp-content\\\/uploads\\\/2025\\\/09\\\/PMBand-Logo358x60.png\",\"contentUrl\":\"https:\\\/\\\/bandeirantes.ms.gov.br\\\/v2\\\/wp-content\\\/uploads\\\/2025\\\/09\\\/PMBand-Logo358x60.png\",\"width\":358,\"height\":60,\"caption\":\"Prefeitura Municipal de Bandeirantes\"},\"image\":{\"@id\":\"https:\\\/\\\/bandeirantes.ms.gov.br\\\/v2\\\/#\\\/schema\\\/logo\\\/image\\\/\"}},{\"@type\":\"Person\",\"@id\":\"https:\\\/\\\/bandeirantes.ms.gov.br\\\/v2\\\/#\\\/schema\\\/person\\\/770546dd2c053e60575cbcab26d1cc1d\",\"name\":\"Comunica\u00e7\u00e3o Prefeitura\",\"image\":{\"@type\":\"ImageObject\",\"inLanguage\":\"pt-BR\",\"@id\":\"https:\\\/\\\/secure.gravatar.com\\\/avatar\\\/cd69d134135a6abc0df4b7ba22332ed61e614bc2fe6297cc2e158c20dbeb9685?s=96&d=mm&r=g\",\"url\":\"https:\\\/\\\/secure.gravatar.com\\\/avatar\\\/cd69d134135a6abc0df4b7ba22332ed61e614bc2fe6297cc2e158c20dbeb9685?s=96&d=mm&r=g\",\"contentUrl\":\"https:\\\/\\\/secure.gravatar.com\\\/avatar\\\/cd69d134135a6abc0df4b7ba22332ed61e614bc2fe6297cc2e158c20dbeb9685?s=96&d=mm&r=g\",\"caption\":\"Comunica\u00e7\u00e3o Prefeitura\"},\"url\":\"https:\\\/\\\/bandeirantes.ms.gov.br\\\/v2\\\/author\\\/adrianohanny\\\/\"}]}<\/script>\n<!-- \/ Yoast SEO plugin. -->","yoast_head_json":{"title":"Boletim Epidemiol\u00f3gico de Bandeirantes no dia 13\/10\/2020 - Prefeitura Municipal de Bandeirantes","robots":{"index":"index","follow":"follow","max-snippet":"max-snippet:-1","max-image-preview":"max-image-preview:large","max-video-preview":"max-video-preview:-1"},"canonical":"https:\/\/bandeirantes.ms.gov.br\/v2\/2020\/10\/13\/boletim-epidemiologico-de-bandeirantes-no-dia-13-10-2020\/","og_locale":"pt_BR","og_type":"article","og_title":"Boletim Epidemiol\u00f3gico de Bandeirantes no dia 13\/10\/2020 - Prefeitura Municipal de Bandeirantes","og_description":"13","og_url":"https:\/\/bandeirantes.ms.gov.br\/v2\/2020\/10\/13\/boletim-epidemiologico-de-bandeirantes-no-dia-13-10-2020\/","og_site_name":"Prefeitura Municipal de Bandeirantes","article_published_time":"2020-10-13T22:02:42+00:00","article_modified_time":"2024-10-07T15:00:57+00:00","og_image":[{"width":1200,"height":756,"url":"https:\/\/bandeirantes.ms.gov.br\/v2\/wp-content\/uploads\/2020\/10\/13-10-2020.png","type":"image\/png"}],"author":"Comunica\u00e7\u00e3o Prefeitura","twitter_card":"summary_large_image","twitter_misc":{"Escrito por":"Comunica\u00e7\u00e3o Prefeitura"},"schema":{"@context":"https:\/\/schema.org","@graph":[{"@type":"Article","@id":"https:\/\/bandeirantes.ms.gov.br\/v2\/2020\/10\/13\/boletim-epidemiologico-de-bandeirantes-no-dia-13-10-2020\/#article","isPartOf":{"@id":"https:\/\/bandeirantes.ms.gov.br\/v2\/2020\/10\/13\/boletim-epidemiologico-de-bandeirantes-no-dia-13-10-2020\/"},"author":{"name":"Comunica\u00e7\u00e3o Prefeitura","@id":"https:\/\/bandeirantes.ms.gov.br\/v2\/#\/schema\/person\/770546dd2c053e60575cbcab26d1cc1d"},"headline":"Boletim Epidemiol\u00f3gico de Bandeirantes no dia 13\/10\/2020","datePublished":"2020-10-13T22:02:42+00:00","dateModified":"2024-10-07T15:00:57+00:00","mainEntityOfPage":{"@id":"https:\/\/bandeirantes.ms.gov.br\/v2\/2020\/10\/13\/boletim-epidemiologico-de-bandeirantes-no-dia-13-10-2020\/"},"wordCount":7,"publisher":{"@id":"https:\/\/bandeirantes.ms.gov.br\/v2\/#organization"},"image":{"@id":"https:\/\/bandeirantes.ms.gov.br\/v2\/2020\/10\/13\/boletim-epidemiologico-de-bandeirantes-no-dia-13-10-2020\/#primaryimage"},"thumbnailUrl":"https:\/\/bandeirantes.ms.gov.br\/v2\/wp-content\/uploads\/2020\/10\/13-10-2020.png","articleSection":["CORONAV\u00cdRUS - BOLETINS"],"inLanguage":"pt-BR"},{"@type":"WebPage","@id":"https:\/\/bandeirantes.ms.gov.br\/v2\/2020\/10\/13\/boletim-epidemiologico-de-bandeirantes-no-dia-13-10-2020\/","url":"https:\/\/bandeirantes.ms.gov.br\/v2\/2020\/10\/13\/boletim-epidemiologico-de-bandeirantes-no-dia-13-10-2020\/","name":"Boletim Epidemiol\u00f3gico de Bandeirantes no dia 13\/10\/2020 - Prefeitura Municipal de Bandeirantes","isPartOf":{"@id":"https:\/\/bandeirantes.ms.gov.br\/v2\/#website"},"primaryImageOfPage":{"@id":"https:\/\/bandeirantes.ms.gov.br\/v2\/2020\/10\/13\/boletim-epidemiologico-de-bandeirantes-no-dia-13-10-2020\/#primaryimage"},"image":{"@id":"https:\/\/bandeirantes.ms.gov.br\/v2\/2020\/10\/13\/boletim-epidemiologico-de-bandeirantes-no-dia-13-10-2020\/#primaryimage"},"thumbnailUrl":"https:\/\/bandeirantes.ms.gov.br\/v2\/wp-content\/uploads\/2020\/10\/13-10-2020.png","datePublished":"2020-10-13T22:02:42+00:00","dateModified":"2024-10-07T15:00:57+00:00","breadcrumb":{"@id":"https:\/\/bandeirantes.ms.gov.br\/v2\/2020\/10\/13\/boletim-epidemiologico-de-bandeirantes-no-dia-13-10-2020\/#breadcrumb"},"inLanguage":"pt-BR","potentialAction":[{"@type":"ReadAction","target":["https:\/\/bandeirantes.ms.gov.br\/v2\/2020\/10\/13\/boletim-epidemiologico-de-bandeirantes-no-dia-13-10-2020\/"]}]},{"@type":"ImageObject","inLanguage":"pt-BR","@id":"https:\/\/bandeirantes.ms.gov.br\/v2\/2020\/10\/13\/boletim-epidemiologico-de-bandeirantes-no-dia-13-10-2020\/#primaryimage","url":"https:\/\/bandeirantes.ms.gov.br\/v2\/wp-content\/uploads\/2020\/10\/13-10-2020.png","contentUrl":"https:\/\/bandeirantes.ms.gov.br\/v2\/wp-content\/uploads\/2020\/10\/13-10-2020.png","width":1200,"height":756},{"@type":"BreadcrumbList","@id":"https:\/\/bandeirantes.ms.gov.br\/v2\/2020\/10\/13\/boletim-epidemiologico-de-bandeirantes-no-dia-13-10-2020\/#breadcrumb","itemListElement":[{"@type":"ListItem","position":1,"name":"In\u00edcio","item":"https:\/\/bandeirantes.ms.gov.br\/v2\/"},{"@type":"ListItem","position":2,"name":"Boletim Epidemiol\u00f3gico de Bandeirantes no dia 13\/10\/2020"}]},{"@type":"WebSite","@id":"https:\/\/bandeirantes.ms.gov.br\/v2\/#website","url":"https:\/\/bandeirantes.ms.gov.br\/v2\/","name":"Prefeitura Municipal de Bandeirantes","description":"Poder Executivo","publisher":{"@id":"https:\/\/bandeirantes.ms.gov.br\/v2\/#organization"},"potentialAction":[{"@type":"SearchAction","target":{"@type":"EntryPoint","urlTemplate":"https:\/\/bandeirantes.ms.gov.br\/v2\/?s={search_term_string}"},"query-input":{"@type":"PropertyValueSpecification","valueRequired":true,"valueName":"search_term_string"}}],"inLanguage":"pt-BR"},{"@type":"Organization","@id":"https:\/\/bandeirantes.ms.gov.br\/v2\/#organization","name":"Prefeitura Municipal de Bandeirantes","url":"https:\/\/bandeirantes.ms.gov.br\/v2\/","logo":{"@type":"ImageObject","inLanguage":"pt-BR","@id":"https:\/\/bandeirantes.ms.gov.br\/v2\/#\/schema\/logo\/image\/","url":"https:\/\/bandeirantes.ms.gov.br\/v2\/wp-content\/uploads\/2025\/09\/PMBand-Logo358x60.png","contentUrl":"https:\/\/bandeirantes.ms.gov.br\/v2\/wp-content\/uploads\/2025\/09\/PMBand-Logo358x60.png","width":358,"height":60,"caption":"Prefeitura Municipal de Bandeirantes"},"image":{"@id":"https:\/\/bandeirantes.ms.gov.br\/v2\/#\/schema\/logo\/image\/"}},{"@type":"Person","@id":"https:\/\/bandeirantes.ms.gov.br\/v2\/#\/schema\/person\/770546dd2c053e60575cbcab26d1cc1d","name":"Comunica\u00e7\u00e3o Prefeitura","image":{"@type":"ImageObject","inLanguage":"pt-BR","@id":"https:\/\/secure.gravatar.com\/avatar\/cd69d134135a6abc0df4b7ba22332ed61e614bc2fe6297cc2e158c20dbeb9685?s=96&d=mm&r=g","url":"https:\/\/secure.gravatar.com\/avatar\/cd69d134135a6abc0df4b7ba22332ed61e614bc2fe6297cc2e158c20dbeb9685?s=96&d=mm&r=g","contentUrl":"https:\/\/secure.gravatar.com\/avatar\/cd69d134135a6abc0df4b7ba22332ed61e614bc2fe6297cc2e158c20dbeb9685?s=96&d=mm&r=g","caption":"Comunica\u00e7\u00e3o Prefeitura"},"url":"https:\/\/bandeirantes.ms.gov.br\/v2\/author\/adrianohanny\/"}]}},"_links":{"self":[{"href":"https:\/\/bandeirantes.ms.gov.br\/v2\/wp-json\/wp\/v2\/posts\/7759","targetHints":{"allow":["GET"]}}],"collection":[{"href":"https:\/\/bandeirantes.ms.gov.br\/v2\/wp-json\/wp\/v2\/posts"}],"about":[{"href":"https:\/\/bandeirantes.ms.gov.br\/v2\/wp-json\/wp\/v2\/types\/post"}],"author":[{"embeddable":true,"href":"https:\/\/bandeirantes.ms.gov.br\/v2\/wp-json\/wp\/v2\/users\/16"}],"replies":[{"embeddable":true,"href":"https:\/\/bandeirantes.ms.gov.br\/v2\/wp-json\/wp\/v2\/comments?post=7759"}],"version-history":[{"count":1,"href":"https:\/\/bandeirantes.ms.gov.br\/v2\/wp-json\/wp\/v2\/posts\/7759\/revisions"}],"predecessor-version":[{"id":7761,"href":"https:\/\/bandeirantes.ms.gov.br\/v2\/wp-json\/wp\/v2\/posts\/7759\/revisions\/7761"}],"wp:featuredmedia":[{"embeddable":true,"href":"https:\/\/bandeirantes.ms.gov.br\/v2\/wp-json\/wp\/v2\/media\/7760"}],"wp:attachment":[{"href":"https:\/\/bandeirantes.ms.gov.br\/v2\/wp-json\/wp\/v2\/media?parent=7759"}],"wp:term":[{"taxonomy":"category","embeddable":true,"href":"https:\/\/bandeirantes.ms.gov.br\/v2\/wp-json\/wp\/v2\/categories?post=7759"},{"taxonomy":"post_tag","embeddable":true,"href":"https:\/\/bandeirantes.ms.gov.br\/v2\/wp-json\/wp\/v2\/tags?post=7759"}],"curies":[{"name":"wp","href":"https:\/\/api.w.org\/{rel}","templated":true}]}}