{"id":7682,"date":"2020-09-23T12:58:21","date_gmt":"2020-09-23T16:58:21","guid":{"rendered":"https:\/\/bandeirantes.ms.gov.br\/v2\/?p=7682"},"modified":"2024-10-07T11:02:50","modified_gmt":"2024-10-07T15:02:50","slug":"aglomeracoes-no-feriado-de-7-de-setembro-podem-ter-aumentado-numero-de-casos-em-ms","status":"publish","type":"post","link":"https:\/\/bandeirantes.ms.gov.br\/v2\/2020\/09\/23\/aglomeracoes-no-feriado-de-7-de-setembro-podem-ter-aumentado-numero-de-casos-em-ms\/","title":{"rendered":"Aglomera\u00e7\u00f5es no feriado de 7 de Setembro podem ter aumentado n\u00famero de casos em MS"},"content":{"rendered":"<p>Nesta quarta-feira (23) foram registrados 652 novos casos de covid-19 em Mato Grosso do Sul, com n\u00famero total de 65.611 infectados dese o in\u00edcio da pandemia, os n\u00fameros s\u00e3o da Secretaria Estadual de Sa\u00fade do Estado.<\/p>\n<p>De acordo com Geraldo Resende, Secret\u00e1rio Estadual de Sa\u00fade, o aumento se deve as aglomera\u00e7\u00f5es registradas no feriado de 7 de Setembro e todo Mato Grosso do Sul.<\/p>\n<p>Entre os munic\u00edpios com maior n\u00famero de novas confirma\u00e7\u00f5es, Campo Grande aparece com 236, Corumb\u00e1 com 80 novos casos, Dourados 58 e Tr\u00eas Lagoas aparece com 35 novos casos.<\/p>\n<p>Dos 65.611 casos confirmados, 58.406 est\u00e3o sem sintomas e j\u00e1 est\u00e3o recuperados, 6001 casos ativos (que est\u00e3o em isolamento domiciliar ou hospitalar) e 457 est\u00e3o internados.<\/p>\n<p>Quantos aos percentuais de ocupa\u00e7\u00e3o, na macrorregi\u00e3o de Campo Grande 74% dos leitos j\u00e1 est\u00e3o ocupados, de Dourados 65%, macrorregi\u00e3o de Tr\u00eas Lagoas 47% dos leitos ocupados e macrorregi\u00e3o de Corumb\u00e1 com 85% de ocupa\u00e7\u00e3o.<\/p>\n<p>Foram registrados ainda 13 novos \u00f3bitos, com idades que variam entre 56 e 91 anos, passando para 1.204 mortes pela doen\u00e7a em Mato Grosso do Sul e mantendo a taxa de letalidade em 1,8%. O maior n\u00famero \u00f3bitos foi registrado em Campo Grande &#8211; foram 05 \u00f3bitos. Anast\u00e1cio, Bataypor\u00e3, Corumb\u00e1, Ivinhema, Maracaju, Sidrol\u00e2ndia, Sonora e Tr\u00eas Lagoas registraram um \u00f3bito cada.<\/p>\n","protected":false},"excerpt":{"rendered":"<p>Nesta quarta-feira (23) foram registrados 652 novos casos de covid-19 em Mato Grosso do Sul, com n\u00famero total de 65.611 infectados dese o in\u00edcio da pandemia, os n\u00fameros s\u00e3o da Secretaria Estadual de Sa\u00fade do Estado. De acordo com Geraldo Resende, Secret\u00e1rio Estadual de Sa\u00fade, o aumento se deve as aglomera\u00e7\u00f5es registradas no feriado de [&hellip;]<\/p>\n","protected":false},"author":16,"featured_media":7686,"comment_status":"closed","ping_status":"closed","sticky":false,"template":"","format":"standard","meta":{"footnotes":""},"categories":[114],"tags":[],"class_list":["post-7682","post","type-post","status-publish","format-standard","has-post-thumbnail","hentry","category-coronavirus-boletins"],"yoast_head":"<!-- This site is optimized with the Yoast SEO plugin v28.4 - https:\/\/yoast.com\/product\/yoast-seo-wordpress\/ -->\n<title>Aglomera\u00e7\u00f5es no feriado de 7 de Setembro podem ter aumentado n\u00famero de casos em MS - Prefeitura Municipal de Bandeirantes<\/title>\n<meta name=\"robots\" content=\"index, follow, max-snippet:-1, max-image-preview:large, max-video-preview:-1\" \/>\n<link rel=\"canonical\" href=\"https:\/\/bandeirantes.ms.gov.br\/v2\/2020\/09\/23\/aglomeracoes-no-feriado-de-7-de-setembro-podem-ter-aumentado-numero-de-casos-em-ms\/\" \/>\n<meta property=\"og:locale\" content=\"pt_BR\" \/>\n<meta property=\"og:type\" content=\"article\" \/>\n<meta property=\"og:title\" content=\"Aglomera\u00e7\u00f5es no feriado de 7 de Setembro podem ter aumentado n\u00famero de casos em MS - Prefeitura Municipal de Bandeirantes\" \/>\n<meta property=\"og:description\" content=\"Nesta quarta-feira (23) foram registrados 652 novos casos de covid-19 em Mato Grosso do Sul, com n\u00famero total de 65.611 infectados dese o in\u00edcio da pandemia, os n\u00fameros s\u00e3o da Secretaria Estadual de Sa\u00fade do Estado. De acordo com Geraldo Resende, Secret\u00e1rio Estadual de Sa\u00fade, o aumento se deve as aglomera\u00e7\u00f5es registradas no feriado de [&hellip;]\" \/>\n<meta property=\"og:url\" content=\"https:\/\/bandeirantes.ms.gov.br\/v2\/2020\/09\/23\/aglomeracoes-no-feriado-de-7-de-setembro-podem-ter-aumentado-numero-de-casos-em-ms\/\" \/>\n<meta property=\"og:site_name\" content=\"Prefeitura Municipal de Bandeirantes\" \/>\n<meta property=\"article:published_time\" content=\"2020-09-23T16:58:21+00:00\" \/>\n<meta property=\"article:modified_time\" content=\"2024-10-07T15:02:50+00:00\" \/>\n<meta property=\"og:image\" content=\"https:\/\/bandeirantes.ms.gov.br\/v2\/wp-content\/uploads\/2020\/09\/Drive-Thru-Foto-Saul-Schramm-768x430-730x430-1-730x4251-1.jpg\" \/>\n\t<meta property=\"og:image:width\" content=\"730\" \/>\n\t<meta property=\"og:image:height\" content=\"425\" \/>\n\t<meta property=\"og:image:type\" content=\"image\/jpeg\" \/>\n<meta name=\"author\" content=\"Comunica\u00e7\u00e3o Prefeitura\" \/>\n<meta name=\"twitter:card\" content=\"summary_large_image\" \/>\n<meta name=\"twitter:label1\" content=\"Escrito por\" \/>\n\t<meta name=\"twitter:data1\" content=\"Comunica\u00e7\u00e3o Prefeitura\" \/>\n\t<meta name=\"twitter:label2\" content=\"Est. tempo de leitura\" \/>\n\t<meta name=\"twitter:data2\" content=\"1 minuto\" \/>\n<script type=\"application\/ld+json\" class=\"yoast-schema-graph\">{\"@context\":\"https:\\\/\\\/schema.org\",\"@graph\":[{\"@type\":\"Article\",\"@id\":\"https:\\\/\\\/bandeirantes.ms.gov.br\\\/v2\\\/2020\\\/09\\\/23\\\/aglomeracoes-no-feriado-de-7-de-setembro-podem-ter-aumentado-numero-de-casos-em-ms\\\/#article\",\"isPartOf\":{\"@id\":\"https:\\\/\\\/bandeirantes.ms.gov.br\\\/v2\\\/2020\\\/09\\\/23\\\/aglomeracoes-no-feriado-de-7-de-setembro-podem-ter-aumentado-numero-de-casos-em-ms\\\/\"},\"author\":{\"name\":\"Comunica\u00e7\u00e3o Prefeitura\",\"@id\":\"https:\\\/\\\/bandeirantes.ms.gov.br\\\/v2\\\/#\\\/schema\\\/person\\\/770546dd2c053e60575cbcab26d1cc1d\"},\"headline\":\"Aglomera\u00e7\u00f5es no feriado de 7 de Setembro podem ter aumentado n\u00famero de casos em MS\",\"datePublished\":\"2020-09-23T16:58:21+00:00\",\"dateModified\":\"2024-10-07T15:02:50+00:00\",\"mainEntityOfPage\":{\"@id\":\"https:\\\/\\\/bandeirantes.ms.gov.br\\\/v2\\\/2020\\\/09\\\/23\\\/aglomeracoes-no-feriado-de-7-de-setembro-podem-ter-aumentado-numero-de-casos-em-ms\\\/\"},\"wordCount\":237,\"publisher\":{\"@id\":\"https:\\\/\\\/bandeirantes.ms.gov.br\\\/v2\\\/#organization\"},\"image\":{\"@id\":\"https:\\\/\\\/bandeirantes.ms.gov.br\\\/v2\\\/2020\\\/09\\\/23\\\/aglomeracoes-no-feriado-de-7-de-setembro-podem-ter-aumentado-numero-de-casos-em-ms\\\/#primaryimage\"},\"thumbnailUrl\":\"https:\\\/\\\/bandeirantes.ms.gov.br\\\/v2\\\/wp-content\\\/uploads\\\/2020\\\/09\\\/Drive-Thru-Foto-Saul-Schramm-768x430-730x430-1-730x4251-1.jpg\",\"articleSection\":[\"CORONAV\u00cdRUS - BOLETINS\"],\"inLanguage\":\"pt-BR\"},{\"@type\":\"WebPage\",\"@id\":\"https:\\\/\\\/bandeirantes.ms.gov.br\\\/v2\\\/2020\\\/09\\\/23\\\/aglomeracoes-no-feriado-de-7-de-setembro-podem-ter-aumentado-numero-de-casos-em-ms\\\/\",\"url\":\"https:\\\/\\\/bandeirantes.ms.gov.br\\\/v2\\\/2020\\\/09\\\/23\\\/aglomeracoes-no-feriado-de-7-de-setembro-podem-ter-aumentado-numero-de-casos-em-ms\\\/\",\"name\":\"Aglomera\u00e7\u00f5es no feriado de 7 de Setembro podem ter aumentado n\u00famero de casos em MS - Prefeitura Municipal de Bandeirantes\",\"isPartOf\":{\"@id\":\"https:\\\/\\\/bandeirantes.ms.gov.br\\\/v2\\\/#website\"},\"primaryImageOfPage\":{\"@id\":\"https:\\\/\\\/bandeirantes.ms.gov.br\\\/v2\\\/2020\\\/09\\\/23\\\/aglomeracoes-no-feriado-de-7-de-setembro-podem-ter-aumentado-numero-de-casos-em-ms\\\/#primaryimage\"},\"image\":{\"@id\":\"https:\\\/\\\/bandeirantes.ms.gov.br\\\/v2\\\/2020\\\/09\\\/23\\\/aglomeracoes-no-feriado-de-7-de-setembro-podem-ter-aumentado-numero-de-casos-em-ms\\\/#primaryimage\"},\"thumbnailUrl\":\"https:\\\/\\\/bandeirantes.ms.gov.br\\\/v2\\\/wp-content\\\/uploads\\\/2020\\\/09\\\/Drive-Thru-Foto-Saul-Schramm-768x430-730x430-1-730x4251-1.jpg\",\"datePublished\":\"2020-09-23T16:58:21+00:00\",\"dateModified\":\"2024-10-07T15:02:50+00:00\",\"breadcrumb\":{\"@id\":\"https:\\\/\\\/bandeirantes.ms.gov.br\\\/v2\\\/2020\\\/09\\\/23\\\/aglomeracoes-no-feriado-de-7-de-setembro-podem-ter-aumentado-numero-de-casos-em-ms\\\/#breadcrumb\"},\"inLanguage\":\"pt-BR\",\"potentialAction\":[{\"@type\":\"ReadAction\",\"target\":[\"https:\\\/\\\/bandeirantes.ms.gov.br\\\/v2\\\/2020\\\/09\\\/23\\\/aglomeracoes-no-feriado-de-7-de-setembro-podem-ter-aumentado-numero-de-casos-em-ms\\\/\"]}]},{\"@type\":\"ImageObject\",\"inLanguage\":\"pt-BR\",\"@id\":\"https:\\\/\\\/bandeirantes.ms.gov.br\\\/v2\\\/2020\\\/09\\\/23\\\/aglomeracoes-no-feriado-de-7-de-setembro-podem-ter-aumentado-numero-de-casos-em-ms\\\/#primaryimage\",\"url\":\"https:\\\/\\\/bandeirantes.ms.gov.br\\\/v2\\\/wp-content\\\/uploads\\\/2020\\\/09\\\/Drive-Thru-Foto-Saul-Schramm-768x430-730x430-1-730x4251-1.jpg\",\"contentUrl\":\"https:\\\/\\\/bandeirantes.ms.gov.br\\\/v2\\\/wp-content\\\/uploads\\\/2020\\\/09\\\/Drive-Thru-Foto-Saul-Schramm-768x430-730x430-1-730x4251-1.jpg\",\"width\":730,\"height\":425},{\"@type\":\"BreadcrumbList\",\"@id\":\"https:\\\/\\\/bandeirantes.ms.gov.br\\\/v2\\\/2020\\\/09\\\/23\\\/aglomeracoes-no-feriado-de-7-de-setembro-podem-ter-aumentado-numero-de-casos-em-ms\\\/#breadcrumb\",\"itemListElement\":[{\"@type\":\"ListItem\",\"position\":1,\"name\":\"In\u00edcio\",\"item\":\"https:\\\/\\\/bandeirantes.ms.gov.br\\\/v2\\\/\"},{\"@type\":\"ListItem\",\"position\":2,\"name\":\"Aglomera\u00e7\u00f5es no feriado de 7 de Setembro podem ter aumentado n\u00famero de casos em MS\"}]},{\"@type\":\"WebSite\",\"@id\":\"https:\\\/\\\/bandeirantes.ms.gov.br\\\/v2\\\/#website\",\"url\":\"https:\\\/\\\/bandeirantes.ms.gov.br\\\/v2\\\/\",\"name\":\"Prefeitura Municipal de Bandeirantes\",\"description\":\"Poder Executivo\",\"publisher\":{\"@id\":\"https:\\\/\\\/bandeirantes.ms.gov.br\\\/v2\\\/#organization\"},\"potentialAction\":[{\"@type\":\"SearchAction\",\"target\":{\"@type\":\"EntryPoint\",\"urlTemplate\":\"https:\\\/\\\/bandeirantes.ms.gov.br\\\/v2\\\/?s={search_term_string}\"},\"query-input\":{\"@type\":\"PropertyValueSpecification\",\"valueRequired\":true,\"valueName\":\"search_term_string\"}}],\"inLanguage\":\"pt-BR\"},{\"@type\":\"Organization\",\"@id\":\"https:\\\/\\\/bandeirantes.ms.gov.br\\\/v2\\\/#organization\",\"name\":\"Prefeitura Municipal de Bandeirantes\",\"url\":\"https:\\\/\\\/bandeirantes.ms.gov.br\\\/v2\\\/\",\"logo\":{\"@type\":\"ImageObject\",\"inLanguage\":\"pt-BR\",\"@id\":\"https:\\\/\\\/bandeirantes.ms.gov.br\\\/v2\\\/#\\\/schema\\\/logo\\\/image\\\/\",\"url\":\"https:\\\/\\\/bandeirantes.ms.gov.br\\\/v2\\\/wp-content\\\/uploads\\\/2025\\\/09\\\/PMBand-Logo358x60.png\",\"contentUrl\":\"https:\\\/\\\/bandeirantes.ms.gov.br\\\/v2\\\/wp-content\\\/uploads\\\/2025\\\/09\\\/PMBand-Logo358x60.png\",\"width\":358,\"height\":60,\"caption\":\"Prefeitura Municipal de Bandeirantes\"},\"image\":{\"@id\":\"https:\\\/\\\/bandeirantes.ms.gov.br\\\/v2\\\/#\\\/schema\\\/logo\\\/image\\\/\"}},{\"@type\":\"Person\",\"@id\":\"https:\\\/\\\/bandeirantes.ms.gov.br\\\/v2\\\/#\\\/schema\\\/person\\\/770546dd2c053e60575cbcab26d1cc1d\",\"name\":\"Comunica\u00e7\u00e3o Prefeitura\",\"image\":{\"@type\":\"ImageObject\",\"inLanguage\":\"pt-BR\",\"@id\":\"https:\\\/\\\/secure.gravatar.com\\\/avatar\\\/cd69d134135a6abc0df4b7ba22332ed61e614bc2fe6297cc2e158c20dbeb9685?s=96&d=mm&r=g\",\"url\":\"https:\\\/\\\/secure.gravatar.com\\\/avatar\\\/cd69d134135a6abc0df4b7ba22332ed61e614bc2fe6297cc2e158c20dbeb9685?s=96&d=mm&r=g\",\"contentUrl\":\"https:\\\/\\\/secure.gravatar.com\\\/avatar\\\/cd69d134135a6abc0df4b7ba22332ed61e614bc2fe6297cc2e158c20dbeb9685?s=96&d=mm&r=g\",\"caption\":\"Comunica\u00e7\u00e3o Prefeitura\"},\"url\":\"https:\\\/\\\/bandeirantes.ms.gov.br\\\/v2\\\/author\\\/adrianohanny\\\/\"}]}<\/script>\n<!-- \/ Yoast SEO plugin. -->","yoast_head_json":{"title":"Aglomera\u00e7\u00f5es no feriado de 7 de Setembro podem ter aumentado n\u00famero de casos em MS - Prefeitura Municipal de Bandeirantes","robots":{"index":"index","follow":"follow","max-snippet":"max-snippet:-1","max-image-preview":"max-image-preview:large","max-video-preview":"max-video-preview:-1"},"canonical":"https:\/\/bandeirantes.ms.gov.br\/v2\/2020\/09\/23\/aglomeracoes-no-feriado-de-7-de-setembro-podem-ter-aumentado-numero-de-casos-em-ms\/","og_locale":"pt_BR","og_type":"article","og_title":"Aglomera\u00e7\u00f5es no feriado de 7 de Setembro podem ter aumentado n\u00famero de casos em MS - Prefeitura Municipal de Bandeirantes","og_description":"Nesta quarta-feira (23) foram registrados 652 novos casos de covid-19 em Mato Grosso do Sul, com n\u00famero total de 65.611 infectados dese o in\u00edcio da pandemia, os n\u00fameros s\u00e3o da Secretaria Estadual de Sa\u00fade do Estado. De acordo com Geraldo Resende, Secret\u00e1rio Estadual de Sa\u00fade, o aumento se deve as aglomera\u00e7\u00f5es registradas no feriado de [&hellip;]","og_url":"https:\/\/bandeirantes.ms.gov.br\/v2\/2020\/09\/23\/aglomeracoes-no-feriado-de-7-de-setembro-podem-ter-aumentado-numero-de-casos-em-ms\/","og_site_name":"Prefeitura Municipal de Bandeirantes","article_published_time":"2020-09-23T16:58:21+00:00","article_modified_time":"2024-10-07T15:02:50+00:00","og_image":[{"width":730,"height":425,"url":"https:\/\/bandeirantes.ms.gov.br\/v2\/wp-content\/uploads\/2020\/09\/Drive-Thru-Foto-Saul-Schramm-768x430-730x430-1-730x4251-1.jpg","type":"image\/jpeg"}],"author":"Comunica\u00e7\u00e3o Prefeitura","twitter_card":"summary_large_image","twitter_misc":{"Escrito por":"Comunica\u00e7\u00e3o Prefeitura","Est. tempo de leitura":"1 minuto"},"schema":{"@context":"https:\/\/schema.org","@graph":[{"@type":"Article","@id":"https:\/\/bandeirantes.ms.gov.br\/v2\/2020\/09\/23\/aglomeracoes-no-feriado-de-7-de-setembro-podem-ter-aumentado-numero-de-casos-em-ms\/#article","isPartOf":{"@id":"https:\/\/bandeirantes.ms.gov.br\/v2\/2020\/09\/23\/aglomeracoes-no-feriado-de-7-de-setembro-podem-ter-aumentado-numero-de-casos-em-ms\/"},"author":{"name":"Comunica\u00e7\u00e3o Prefeitura","@id":"https:\/\/bandeirantes.ms.gov.br\/v2\/#\/schema\/person\/770546dd2c053e60575cbcab26d1cc1d"},"headline":"Aglomera\u00e7\u00f5es no feriado de 7 de Setembro podem ter aumentado n\u00famero de casos em MS","datePublished":"2020-09-23T16:58:21+00:00","dateModified":"2024-10-07T15:02:50+00:00","mainEntityOfPage":{"@id":"https:\/\/bandeirantes.ms.gov.br\/v2\/2020\/09\/23\/aglomeracoes-no-feriado-de-7-de-setembro-podem-ter-aumentado-numero-de-casos-em-ms\/"},"wordCount":237,"publisher":{"@id":"https:\/\/bandeirantes.ms.gov.br\/v2\/#organization"},"image":{"@id":"https:\/\/bandeirantes.ms.gov.br\/v2\/2020\/09\/23\/aglomeracoes-no-feriado-de-7-de-setembro-podem-ter-aumentado-numero-de-casos-em-ms\/#primaryimage"},"thumbnailUrl":"https:\/\/bandeirantes.ms.gov.br\/v2\/wp-content\/uploads\/2020\/09\/Drive-Thru-Foto-Saul-Schramm-768x430-730x430-1-730x4251-1.jpg","articleSection":["CORONAV\u00cdRUS - BOLETINS"],"inLanguage":"pt-BR"},{"@type":"WebPage","@id":"https:\/\/bandeirantes.ms.gov.br\/v2\/2020\/09\/23\/aglomeracoes-no-feriado-de-7-de-setembro-podem-ter-aumentado-numero-de-casos-em-ms\/","url":"https:\/\/bandeirantes.ms.gov.br\/v2\/2020\/09\/23\/aglomeracoes-no-feriado-de-7-de-setembro-podem-ter-aumentado-numero-de-casos-em-ms\/","name":"Aglomera\u00e7\u00f5es no feriado de 7 de Setembro podem ter aumentado n\u00famero de casos em MS - Prefeitura Municipal de Bandeirantes","isPartOf":{"@id":"https:\/\/bandeirantes.ms.gov.br\/v2\/#website"},"primaryImageOfPage":{"@id":"https:\/\/bandeirantes.ms.gov.br\/v2\/2020\/09\/23\/aglomeracoes-no-feriado-de-7-de-setembro-podem-ter-aumentado-numero-de-casos-em-ms\/#primaryimage"},"image":{"@id":"https:\/\/bandeirantes.ms.gov.br\/v2\/2020\/09\/23\/aglomeracoes-no-feriado-de-7-de-setembro-podem-ter-aumentado-numero-de-casos-em-ms\/#primaryimage"},"thumbnailUrl":"https:\/\/bandeirantes.ms.gov.br\/v2\/wp-content\/uploads\/2020\/09\/Drive-Thru-Foto-Saul-Schramm-768x430-730x430-1-730x4251-1.jpg","datePublished":"2020-09-23T16:58:21+00:00","dateModified":"2024-10-07T15:02:50+00:00","breadcrumb":{"@id":"https:\/\/bandeirantes.ms.gov.br\/v2\/2020\/09\/23\/aglomeracoes-no-feriado-de-7-de-setembro-podem-ter-aumentado-numero-de-casos-em-ms\/#breadcrumb"},"inLanguage":"pt-BR","potentialAction":[{"@type":"ReadAction","target":["https:\/\/bandeirantes.ms.gov.br\/v2\/2020\/09\/23\/aglomeracoes-no-feriado-de-7-de-setembro-podem-ter-aumentado-numero-de-casos-em-ms\/"]}]},{"@type":"ImageObject","inLanguage":"pt-BR","@id":"https:\/\/bandeirantes.ms.gov.br\/v2\/2020\/09\/23\/aglomeracoes-no-feriado-de-7-de-setembro-podem-ter-aumentado-numero-de-casos-em-ms\/#primaryimage","url":"https:\/\/bandeirantes.ms.gov.br\/v2\/wp-content\/uploads\/2020\/09\/Drive-Thru-Foto-Saul-Schramm-768x430-730x430-1-730x4251-1.jpg","contentUrl":"https:\/\/bandeirantes.ms.gov.br\/v2\/wp-content\/uploads\/2020\/09\/Drive-Thru-Foto-Saul-Schramm-768x430-730x430-1-730x4251-1.jpg","width":730,"height":425},{"@type":"BreadcrumbList","@id":"https:\/\/bandeirantes.ms.gov.br\/v2\/2020\/09\/23\/aglomeracoes-no-feriado-de-7-de-setembro-podem-ter-aumentado-numero-de-casos-em-ms\/#breadcrumb","itemListElement":[{"@type":"ListItem","position":1,"name":"In\u00edcio","item":"https:\/\/bandeirantes.ms.gov.br\/v2\/"},{"@type":"ListItem","position":2,"name":"Aglomera\u00e7\u00f5es no feriado de 7 de Setembro podem ter aumentado n\u00famero de casos em MS"}]},{"@type":"WebSite","@id":"https:\/\/bandeirantes.ms.gov.br\/v2\/#website","url":"https:\/\/bandeirantes.ms.gov.br\/v2\/","name":"Prefeitura Municipal de Bandeirantes","description":"Poder Executivo","publisher":{"@id":"https:\/\/bandeirantes.ms.gov.br\/v2\/#organization"},"potentialAction":[{"@type":"SearchAction","target":{"@type":"EntryPoint","urlTemplate":"https:\/\/bandeirantes.ms.gov.br\/v2\/?s={search_term_string}"},"query-input":{"@type":"PropertyValueSpecification","valueRequired":true,"valueName":"search_term_string"}}],"inLanguage":"pt-BR"},{"@type":"Organization","@id":"https:\/\/bandeirantes.ms.gov.br\/v2\/#organization","name":"Prefeitura Municipal de Bandeirantes","url":"https:\/\/bandeirantes.ms.gov.br\/v2\/","logo":{"@type":"ImageObject","inLanguage":"pt-BR","@id":"https:\/\/bandeirantes.ms.gov.br\/v2\/#\/schema\/logo\/image\/","url":"https:\/\/bandeirantes.ms.gov.br\/v2\/wp-content\/uploads\/2025\/09\/PMBand-Logo358x60.png","contentUrl":"https:\/\/bandeirantes.ms.gov.br\/v2\/wp-content\/uploads\/2025\/09\/PMBand-Logo358x60.png","width":358,"height":60,"caption":"Prefeitura Municipal de Bandeirantes"},"image":{"@id":"https:\/\/bandeirantes.ms.gov.br\/v2\/#\/schema\/logo\/image\/"}},{"@type":"Person","@id":"https:\/\/bandeirantes.ms.gov.br\/v2\/#\/schema\/person\/770546dd2c053e60575cbcab26d1cc1d","name":"Comunica\u00e7\u00e3o Prefeitura","image":{"@type":"ImageObject","inLanguage":"pt-BR","@id":"https:\/\/secure.gravatar.com\/avatar\/cd69d134135a6abc0df4b7ba22332ed61e614bc2fe6297cc2e158c20dbeb9685?s=96&d=mm&r=g","url":"https:\/\/secure.gravatar.com\/avatar\/cd69d134135a6abc0df4b7ba22332ed61e614bc2fe6297cc2e158c20dbeb9685?s=96&d=mm&r=g","contentUrl":"https:\/\/secure.gravatar.com\/avatar\/cd69d134135a6abc0df4b7ba22332ed61e614bc2fe6297cc2e158c20dbeb9685?s=96&d=mm&r=g","caption":"Comunica\u00e7\u00e3o Prefeitura"},"url":"https:\/\/bandeirantes.ms.gov.br\/v2\/author\/adrianohanny\/"}]}},"_links":{"self":[{"href":"https:\/\/bandeirantes.ms.gov.br\/v2\/wp-json\/wp\/v2\/posts\/7682","targetHints":{"allow":["GET"]}}],"collection":[{"href":"https:\/\/bandeirantes.ms.gov.br\/v2\/wp-json\/wp\/v2\/posts"}],"about":[{"href":"https:\/\/bandeirantes.ms.gov.br\/v2\/wp-json\/wp\/v2\/types\/post"}],"author":[{"embeddable":true,"href":"https:\/\/bandeirantes.ms.gov.br\/v2\/wp-json\/wp\/v2\/users\/16"}],"replies":[{"embeddable":true,"href":"https:\/\/bandeirantes.ms.gov.br\/v2\/wp-json\/wp\/v2\/comments?post=7682"}],"version-history":[{"count":2,"href":"https:\/\/bandeirantes.ms.gov.br\/v2\/wp-json\/wp\/v2\/posts\/7682\/revisions"}],"predecessor-version":[{"id":7688,"href":"https:\/\/bandeirantes.ms.gov.br\/v2\/wp-json\/wp\/v2\/posts\/7682\/revisions\/7688"}],"wp:featuredmedia":[{"embeddable":true,"href":"https:\/\/bandeirantes.ms.gov.br\/v2\/wp-json\/wp\/v2\/media\/7686"}],"wp:attachment":[{"href":"https:\/\/bandeirantes.ms.gov.br\/v2\/wp-json\/wp\/v2\/media?parent=7682"}],"wp:term":[{"taxonomy":"category","embeddable":true,"href":"https:\/\/bandeirantes.ms.gov.br\/v2\/wp-json\/wp\/v2\/categories?post=7682"},{"taxonomy":"post_tag","embeddable":true,"href":"https:\/\/bandeirantes.ms.gov.br\/v2\/wp-json\/wp\/v2\/tags?post=7682"}],"curies":[{"name":"wp","href":"https:\/\/api.w.org\/{rel}","templated":true}]}}