{"id":7308,"date":"2020-07-07T16:07:47","date_gmt":"2020-07-07T20:07:47","guid":{"rendered":"https:\/\/bandeirantes.ms.gov.br\/v2\/?p=7308"},"modified":"2024-10-07T11:03:08","modified_gmt":"2024-10-07T15:03:08","slug":"bandeirantes-nao-tem-aumento-de-casos-de-covid-19-na-ultimo-boletin-oficial","status":"publish","type":"post","link":"https:\/\/bandeirantes.ms.gov.br\/v2\/2020\/07\/07\/bandeirantes-nao-tem-aumento-de-casos-de-covid-19-na-ultimo-boletin-oficial\/","title":{"rendered":"Bandeirantes n\u00e3o tem aumento de casos de covid-19 na \u00faltimo boletim oficial"},"content":{"rendered":"<p>O \u00faltimo relat\u00f3rio da secret\u00e1ria de sa\u00fade n\u00e3o registrou aumento de casos confirmados de covid-19 no munic\u00edpio de Bandeirantes. O relat\u00f3rio d\u00e1 conta de que apenas um caso suspeito foi registrado, al\u00e9m disso mais um caso foi descartado.<\/p>\n<p>A secretaria municipal de sa\u00fade continua pedindo aos moradores a pr\u00e1tica do isolamento social, evitando sa\u00edr de casa, caso seja preciso sair, usar m\u00e1scara, evitar aglomera\u00e7\u00f5es e circular em outros munic\u00edpios. Em casa lave frequentemente as m\u00e3os e use \u00e1lcool em gel 70%.<\/p>\n<p><img loading=\"lazy\" decoding=\"async\" class=\"alignnone wp-image-7309 size-full\" src=\"https:\/\/bandeirantes.ms.gov.br\/v2\/wp-content\/uploads\/2020\/07\/07-07.jpg\" alt=\"\" width=\"1080\" height=\"1080\" srcset=\"https:\/\/bandeirantes.ms.gov.br\/v2\/wp-content\/uploads\/2020\/07\/07-07.jpg 1080w, https:\/\/bandeirantes.ms.gov.br\/v2\/wp-content\/uploads\/2020\/07\/07-07-300x300.jpg 300w, https:\/\/bandeirantes.ms.gov.br\/v2\/wp-content\/uploads\/2020\/07\/07-07-1024x1024.jpg 1024w, https:\/\/bandeirantes.ms.gov.br\/v2\/wp-content\/uploads\/2020\/07\/07-07-150x150.jpg 150w, https:\/\/bandeirantes.ms.gov.br\/v2\/wp-content\/uploads\/2020\/07\/07-07-768x768.jpg 768w, https:\/\/bandeirantes.ms.gov.br\/v2\/wp-content\/uploads\/2020\/07\/07-07-696x696.jpg 696w, https:\/\/bandeirantes.ms.gov.br\/v2\/wp-content\/uploads\/2020\/07\/07-07-1068x1068.jpg 1068w, https:\/\/bandeirantes.ms.gov.br\/v2\/wp-content\/uploads\/2020\/07\/07-07-420x420.jpg 420w\" sizes=\"auto, (max-width: 1080px) 100vw, 1080px\" \/><\/p>\n<p><strong>Se tiver alguns sintomas abaixo, procure a unidade de sa\u00fade mais pr\u00f3xima.<\/strong><\/p>\n<p>S\u00cdNDROME GRIPAL (SG): indiv\u00edduo com quadro respirat\u00f3rio agudo, caracterizado por sensa\u00e7\u00e3o febril ou febre*, mesmo que relatada, acompanhada de tosse OU dor de garganta OU coriza OU dificuldade respirat\u00f3ria.<\/p>\n<p>S\u00cdNDROME RESPIRAT\u00d3RIA AGUDA GRAVE (SRAG): S\u00edndrome Gripal que apresente: dispneia\/desconforto respirat\u00f3rio OU Press\u00e3o persistente no t\u00f3rax OU satura\u00e7\u00e3o de O2 menor que 95% em ar ambiente OU colora\u00e7\u00e3o azulada dos l\u00e1bios ou rosto.<\/p>\n","protected":false},"excerpt":{"rendered":"<p>O \u00faltimo relat\u00f3rio da secret\u00e1ria de sa\u00fade n\u00e3o registrou aumento de casos confirmados de covid-19 no munic\u00edpio de Bandeirantes. O relat\u00f3rio d\u00e1 conta de que apenas um caso suspeito foi registrado, al\u00e9m disso mais um caso foi descartado. A secretaria municipal de sa\u00fade continua pedindo aos moradores a pr\u00e1tica do isolamento social, evitando sa\u00edr de [&hellip;]<\/p>\n","protected":false},"author":16,"featured_media":7310,"comment_status":"closed","ping_status":"closed","sticky":false,"template":"","format":"standard","meta":{"footnotes":""},"categories":[109,12,10],"tags":[],"class_list":["post-7308","post","type-post","status-publish","format-standard","has-post-thumbnail","hentry","category-coronavirus","category-destaques","category-saude"],"yoast_head":"<!-- This site is optimized with the Yoast SEO plugin v28.4 - https:\/\/yoast.com\/product\/yoast-seo-wordpress\/ -->\n<title>Bandeirantes n\u00e3o tem aumento de casos de covid-19 na \u00faltimo boletim oficial - Prefeitura Municipal de Bandeirantes<\/title>\n<meta name=\"robots\" content=\"index, follow, max-snippet:-1, max-image-preview:large, max-video-preview:-1\" \/>\n<link rel=\"canonical\" href=\"https:\/\/bandeirantes.ms.gov.br\/v2\/2020\/07\/07\/bandeirantes-nao-tem-aumento-de-casos-de-covid-19-na-ultimo-boletin-oficial\/\" \/>\n<meta property=\"og:locale\" content=\"pt_BR\" \/>\n<meta property=\"og:type\" content=\"article\" \/>\n<meta property=\"og:title\" content=\"Bandeirantes n\u00e3o tem aumento de casos de covid-19 na \u00faltimo boletim oficial - Prefeitura Municipal de Bandeirantes\" \/>\n<meta property=\"og:description\" content=\"O \u00faltimo relat\u00f3rio da secret\u00e1ria de sa\u00fade n\u00e3o registrou aumento de casos confirmados de covid-19 no munic\u00edpio de Bandeirantes. O relat\u00f3rio d\u00e1 conta de que apenas um caso suspeito foi registrado, al\u00e9m disso mais um caso foi descartado. A secretaria municipal de sa\u00fade continua pedindo aos moradores a pr\u00e1tica do isolamento social, evitando sa\u00edr de [&hellip;]\" \/>\n<meta property=\"og:url\" content=\"https:\/\/bandeirantes.ms.gov.br\/v2\/2020\/07\/07\/bandeirantes-nao-tem-aumento-de-casos-de-covid-19-na-ultimo-boletin-oficial\/\" \/>\n<meta property=\"og:site_name\" content=\"Prefeitura Municipal de Bandeirantes\" \/>\n<meta property=\"article:published_time\" content=\"2020-07-07T20:07:47+00:00\" \/>\n<meta property=\"article:modified_time\" content=\"2024-10-07T15:03:08+00:00\" \/>\n<meta property=\"og:image\" content=\"https:\/\/bandeirantes.ms.gov.br\/v2\/wp-content\/uploads\/2020\/07\/capa-07-07.jpg\" \/>\n\t<meta property=\"og:image:width\" content=\"1080\" \/>\n\t<meta property=\"og:image:height\" content=\"536\" \/>\n\t<meta property=\"og:image:type\" content=\"image\/jpeg\" \/>\n<meta name=\"author\" content=\"Comunica\u00e7\u00e3o Prefeitura\" \/>\n<meta name=\"twitter:card\" content=\"summary_large_image\" \/>\n<meta name=\"twitter:label1\" content=\"Escrito por\" \/>\n\t<meta name=\"twitter:data1\" content=\"Comunica\u00e7\u00e3o Prefeitura\" \/>\n\t<meta name=\"twitter:label2\" content=\"Est. tempo de leitura\" \/>\n\t<meta name=\"twitter:data2\" content=\"1 minuto\" \/>\n<script type=\"application\/ld+json\" class=\"yoast-schema-graph\">{\"@context\":\"https:\\\/\\\/schema.org\",\"@graph\":[{\"@type\":\"Article\",\"@id\":\"https:\\\/\\\/bandeirantes.ms.gov.br\\\/v2\\\/2020\\\/07\\\/07\\\/bandeirantes-nao-tem-aumento-de-casos-de-covid-19-na-ultimo-boletin-oficial\\\/#article\",\"isPartOf\":{\"@id\":\"https:\\\/\\\/bandeirantes.ms.gov.br\\\/v2\\\/2020\\\/07\\\/07\\\/bandeirantes-nao-tem-aumento-de-casos-de-covid-19-na-ultimo-boletin-oficial\\\/\"},\"author\":{\"name\":\"Comunica\u00e7\u00e3o Prefeitura\",\"@id\":\"https:\\\/\\\/bandeirantes.ms.gov.br\\\/v2\\\/#\\\/schema\\\/person\\\/770546dd2c053e60575cbcab26d1cc1d\"},\"headline\":\"Bandeirantes n\u00e3o tem aumento de casos de covid-19 na \u00faltimo boletim oficial\",\"datePublished\":\"2020-07-07T20:07:47+00:00\",\"dateModified\":\"2024-10-07T15:03:08+00:00\",\"mainEntityOfPage\":{\"@id\":\"https:\\\/\\\/bandeirantes.ms.gov.br\\\/v2\\\/2020\\\/07\\\/07\\\/bandeirantes-nao-tem-aumento-de-casos-de-covid-19-na-ultimo-boletin-oficial\\\/\"},\"wordCount\":197,\"publisher\":{\"@id\":\"https:\\\/\\\/bandeirantes.ms.gov.br\\\/v2\\\/#organization\"},\"image\":{\"@id\":\"https:\\\/\\\/bandeirantes.ms.gov.br\\\/v2\\\/2020\\\/07\\\/07\\\/bandeirantes-nao-tem-aumento-de-casos-de-covid-19-na-ultimo-boletin-oficial\\\/#primaryimage\"},\"thumbnailUrl\":\"https:\\\/\\\/bandeirantes.ms.gov.br\\\/v2\\\/wp-content\\\/uploads\\\/2020\\\/07\\\/capa-07-07.jpg\",\"articleSection\":[\"CORONAV\u00cdRUS\",\"DESTAQUES\",\"SA\u00daDE\"],\"inLanguage\":\"pt-BR\"},{\"@type\":\"WebPage\",\"@id\":\"https:\\\/\\\/bandeirantes.ms.gov.br\\\/v2\\\/2020\\\/07\\\/07\\\/bandeirantes-nao-tem-aumento-de-casos-de-covid-19-na-ultimo-boletin-oficial\\\/\",\"url\":\"https:\\\/\\\/bandeirantes.ms.gov.br\\\/v2\\\/2020\\\/07\\\/07\\\/bandeirantes-nao-tem-aumento-de-casos-de-covid-19-na-ultimo-boletin-oficial\\\/\",\"name\":\"Bandeirantes n\u00e3o tem aumento de casos de covid-19 na \u00faltimo boletim oficial - Prefeitura Municipal de Bandeirantes\",\"isPartOf\":{\"@id\":\"https:\\\/\\\/bandeirantes.ms.gov.br\\\/v2\\\/#website\"},\"primaryImageOfPage\":{\"@id\":\"https:\\\/\\\/bandeirantes.ms.gov.br\\\/v2\\\/2020\\\/07\\\/07\\\/bandeirantes-nao-tem-aumento-de-casos-de-covid-19-na-ultimo-boletin-oficial\\\/#primaryimage\"},\"image\":{\"@id\":\"https:\\\/\\\/bandeirantes.ms.gov.br\\\/v2\\\/2020\\\/07\\\/07\\\/bandeirantes-nao-tem-aumento-de-casos-de-covid-19-na-ultimo-boletin-oficial\\\/#primaryimage\"},\"thumbnailUrl\":\"https:\\\/\\\/bandeirantes.ms.gov.br\\\/v2\\\/wp-content\\\/uploads\\\/2020\\\/07\\\/capa-07-07.jpg\",\"datePublished\":\"2020-07-07T20:07:47+00:00\",\"dateModified\":\"2024-10-07T15:03:08+00:00\",\"breadcrumb\":{\"@id\":\"https:\\\/\\\/bandeirantes.ms.gov.br\\\/v2\\\/2020\\\/07\\\/07\\\/bandeirantes-nao-tem-aumento-de-casos-de-covid-19-na-ultimo-boletin-oficial\\\/#breadcrumb\"},\"inLanguage\":\"pt-BR\",\"potentialAction\":[{\"@type\":\"ReadAction\",\"target\":[\"https:\\\/\\\/bandeirantes.ms.gov.br\\\/v2\\\/2020\\\/07\\\/07\\\/bandeirantes-nao-tem-aumento-de-casos-de-covid-19-na-ultimo-boletin-oficial\\\/\"]}]},{\"@type\":\"ImageObject\",\"inLanguage\":\"pt-BR\",\"@id\":\"https:\\\/\\\/bandeirantes.ms.gov.br\\\/v2\\\/2020\\\/07\\\/07\\\/bandeirantes-nao-tem-aumento-de-casos-de-covid-19-na-ultimo-boletin-oficial\\\/#primaryimage\",\"url\":\"https:\\\/\\\/bandeirantes.ms.gov.br\\\/v2\\\/wp-content\\\/uploads\\\/2020\\\/07\\\/capa-07-07.jpg\",\"contentUrl\":\"https:\\\/\\\/bandeirantes.ms.gov.br\\\/v2\\\/wp-content\\\/uploads\\\/2020\\\/07\\\/capa-07-07.jpg\",\"width\":1080,\"height\":536},{\"@type\":\"BreadcrumbList\",\"@id\":\"https:\\\/\\\/bandeirantes.ms.gov.br\\\/v2\\\/2020\\\/07\\\/07\\\/bandeirantes-nao-tem-aumento-de-casos-de-covid-19-na-ultimo-boletin-oficial\\\/#breadcrumb\",\"itemListElement\":[{\"@type\":\"ListItem\",\"position\":1,\"name\":\"In\u00edcio\",\"item\":\"https:\\\/\\\/bandeirantes.ms.gov.br\\\/v2\\\/\"},{\"@type\":\"ListItem\",\"position\":2,\"name\":\"Bandeirantes n\u00e3o tem aumento de casos de covid-19 na \u00faltimo boletim oficial\"}]},{\"@type\":\"WebSite\",\"@id\":\"https:\\\/\\\/bandeirantes.ms.gov.br\\\/v2\\\/#website\",\"url\":\"https:\\\/\\\/bandeirantes.ms.gov.br\\\/v2\\\/\",\"name\":\"Prefeitura Municipal de Bandeirantes\",\"description\":\"Poder Executivo\",\"publisher\":{\"@id\":\"https:\\\/\\\/bandeirantes.ms.gov.br\\\/v2\\\/#organization\"},\"potentialAction\":[{\"@type\":\"SearchAction\",\"target\":{\"@type\":\"EntryPoint\",\"urlTemplate\":\"https:\\\/\\\/bandeirantes.ms.gov.br\\\/v2\\\/?s={search_term_string}\"},\"query-input\":{\"@type\":\"PropertyValueSpecification\",\"valueRequired\":true,\"valueName\":\"search_term_string\"}}],\"inLanguage\":\"pt-BR\"},{\"@type\":\"Organization\",\"@id\":\"https:\\\/\\\/bandeirantes.ms.gov.br\\\/v2\\\/#organization\",\"name\":\"Prefeitura Municipal de Bandeirantes\",\"url\":\"https:\\\/\\\/bandeirantes.ms.gov.br\\\/v2\\\/\",\"logo\":{\"@type\":\"ImageObject\",\"inLanguage\":\"pt-BR\",\"@id\":\"https:\\\/\\\/bandeirantes.ms.gov.br\\\/v2\\\/#\\\/schema\\\/logo\\\/image\\\/\",\"url\":\"https:\\\/\\\/bandeirantes.ms.gov.br\\\/v2\\\/wp-content\\\/uploads\\\/2025\\\/09\\\/PMBand-Logo358x60.png\",\"contentUrl\":\"https:\\\/\\\/bandeirantes.ms.gov.br\\\/v2\\\/wp-content\\\/uploads\\\/2025\\\/09\\\/PMBand-Logo358x60.png\",\"width\":358,\"height\":60,\"caption\":\"Prefeitura Municipal de Bandeirantes\"},\"image\":{\"@id\":\"https:\\\/\\\/bandeirantes.ms.gov.br\\\/v2\\\/#\\\/schema\\\/logo\\\/image\\\/\"}},{\"@type\":\"Person\",\"@id\":\"https:\\\/\\\/bandeirantes.ms.gov.br\\\/v2\\\/#\\\/schema\\\/person\\\/770546dd2c053e60575cbcab26d1cc1d\",\"name\":\"Comunica\u00e7\u00e3o Prefeitura\",\"image\":{\"@type\":\"ImageObject\",\"inLanguage\":\"pt-BR\",\"@id\":\"https:\\\/\\\/secure.gravatar.com\\\/avatar\\\/cd69d134135a6abc0df4b7ba22332ed61e614bc2fe6297cc2e158c20dbeb9685?s=96&d=mm&r=g\",\"url\":\"https:\\\/\\\/secure.gravatar.com\\\/avatar\\\/cd69d134135a6abc0df4b7ba22332ed61e614bc2fe6297cc2e158c20dbeb9685?s=96&d=mm&r=g\",\"contentUrl\":\"https:\\\/\\\/secure.gravatar.com\\\/avatar\\\/cd69d134135a6abc0df4b7ba22332ed61e614bc2fe6297cc2e158c20dbeb9685?s=96&d=mm&r=g\",\"caption\":\"Comunica\u00e7\u00e3o Prefeitura\"},\"url\":\"https:\\\/\\\/bandeirantes.ms.gov.br\\\/v2\\\/author\\\/adrianohanny\\\/\"}]}<\/script>\n<!-- \/ Yoast SEO plugin. -->","yoast_head_json":{"title":"Bandeirantes n\u00e3o tem aumento de casos de covid-19 na \u00faltimo boletim oficial - Prefeitura Municipal de Bandeirantes","robots":{"index":"index","follow":"follow","max-snippet":"max-snippet:-1","max-image-preview":"max-image-preview:large","max-video-preview":"max-video-preview:-1"},"canonical":"https:\/\/bandeirantes.ms.gov.br\/v2\/2020\/07\/07\/bandeirantes-nao-tem-aumento-de-casos-de-covid-19-na-ultimo-boletin-oficial\/","og_locale":"pt_BR","og_type":"article","og_title":"Bandeirantes n\u00e3o tem aumento de casos de covid-19 na \u00faltimo boletim oficial - Prefeitura Municipal de Bandeirantes","og_description":"O \u00faltimo relat\u00f3rio da secret\u00e1ria de sa\u00fade n\u00e3o registrou aumento de casos confirmados de covid-19 no munic\u00edpio de Bandeirantes. O relat\u00f3rio d\u00e1 conta de que apenas um caso suspeito foi registrado, al\u00e9m disso mais um caso foi descartado. A secretaria municipal de sa\u00fade continua pedindo aos moradores a pr\u00e1tica do isolamento social, evitando sa\u00edr de [&hellip;]","og_url":"https:\/\/bandeirantes.ms.gov.br\/v2\/2020\/07\/07\/bandeirantes-nao-tem-aumento-de-casos-de-covid-19-na-ultimo-boletin-oficial\/","og_site_name":"Prefeitura Municipal de Bandeirantes","article_published_time":"2020-07-07T20:07:47+00:00","article_modified_time":"2024-10-07T15:03:08+00:00","og_image":[{"width":1080,"height":536,"url":"https:\/\/bandeirantes.ms.gov.br\/v2\/wp-content\/uploads\/2020\/07\/capa-07-07.jpg","type":"image\/jpeg"}],"author":"Comunica\u00e7\u00e3o Prefeitura","twitter_card":"summary_large_image","twitter_misc":{"Escrito por":"Comunica\u00e7\u00e3o Prefeitura","Est. tempo de leitura":"1 minuto"},"schema":{"@context":"https:\/\/schema.org","@graph":[{"@type":"Article","@id":"https:\/\/bandeirantes.ms.gov.br\/v2\/2020\/07\/07\/bandeirantes-nao-tem-aumento-de-casos-de-covid-19-na-ultimo-boletin-oficial\/#article","isPartOf":{"@id":"https:\/\/bandeirantes.ms.gov.br\/v2\/2020\/07\/07\/bandeirantes-nao-tem-aumento-de-casos-de-covid-19-na-ultimo-boletin-oficial\/"},"author":{"name":"Comunica\u00e7\u00e3o Prefeitura","@id":"https:\/\/bandeirantes.ms.gov.br\/v2\/#\/schema\/person\/770546dd2c053e60575cbcab26d1cc1d"},"headline":"Bandeirantes n\u00e3o tem aumento de casos de covid-19 na \u00faltimo boletim oficial","datePublished":"2020-07-07T20:07:47+00:00","dateModified":"2024-10-07T15:03:08+00:00","mainEntityOfPage":{"@id":"https:\/\/bandeirantes.ms.gov.br\/v2\/2020\/07\/07\/bandeirantes-nao-tem-aumento-de-casos-de-covid-19-na-ultimo-boletin-oficial\/"},"wordCount":197,"publisher":{"@id":"https:\/\/bandeirantes.ms.gov.br\/v2\/#organization"},"image":{"@id":"https:\/\/bandeirantes.ms.gov.br\/v2\/2020\/07\/07\/bandeirantes-nao-tem-aumento-de-casos-de-covid-19-na-ultimo-boletin-oficial\/#primaryimage"},"thumbnailUrl":"https:\/\/bandeirantes.ms.gov.br\/v2\/wp-content\/uploads\/2020\/07\/capa-07-07.jpg","articleSection":["CORONAV\u00cdRUS","DESTAQUES","SA\u00daDE"],"inLanguage":"pt-BR"},{"@type":"WebPage","@id":"https:\/\/bandeirantes.ms.gov.br\/v2\/2020\/07\/07\/bandeirantes-nao-tem-aumento-de-casos-de-covid-19-na-ultimo-boletin-oficial\/","url":"https:\/\/bandeirantes.ms.gov.br\/v2\/2020\/07\/07\/bandeirantes-nao-tem-aumento-de-casos-de-covid-19-na-ultimo-boletin-oficial\/","name":"Bandeirantes n\u00e3o tem aumento de casos de covid-19 na \u00faltimo boletim oficial - Prefeitura Municipal de Bandeirantes","isPartOf":{"@id":"https:\/\/bandeirantes.ms.gov.br\/v2\/#website"},"primaryImageOfPage":{"@id":"https:\/\/bandeirantes.ms.gov.br\/v2\/2020\/07\/07\/bandeirantes-nao-tem-aumento-de-casos-de-covid-19-na-ultimo-boletin-oficial\/#primaryimage"},"image":{"@id":"https:\/\/bandeirantes.ms.gov.br\/v2\/2020\/07\/07\/bandeirantes-nao-tem-aumento-de-casos-de-covid-19-na-ultimo-boletin-oficial\/#primaryimage"},"thumbnailUrl":"https:\/\/bandeirantes.ms.gov.br\/v2\/wp-content\/uploads\/2020\/07\/capa-07-07.jpg","datePublished":"2020-07-07T20:07:47+00:00","dateModified":"2024-10-07T15:03:08+00:00","breadcrumb":{"@id":"https:\/\/bandeirantes.ms.gov.br\/v2\/2020\/07\/07\/bandeirantes-nao-tem-aumento-de-casos-de-covid-19-na-ultimo-boletin-oficial\/#breadcrumb"},"inLanguage":"pt-BR","potentialAction":[{"@type":"ReadAction","target":["https:\/\/bandeirantes.ms.gov.br\/v2\/2020\/07\/07\/bandeirantes-nao-tem-aumento-de-casos-de-covid-19-na-ultimo-boletin-oficial\/"]}]},{"@type":"ImageObject","inLanguage":"pt-BR","@id":"https:\/\/bandeirantes.ms.gov.br\/v2\/2020\/07\/07\/bandeirantes-nao-tem-aumento-de-casos-de-covid-19-na-ultimo-boletin-oficial\/#primaryimage","url":"https:\/\/bandeirantes.ms.gov.br\/v2\/wp-content\/uploads\/2020\/07\/capa-07-07.jpg","contentUrl":"https:\/\/bandeirantes.ms.gov.br\/v2\/wp-content\/uploads\/2020\/07\/capa-07-07.jpg","width":1080,"height":536},{"@type":"BreadcrumbList","@id":"https:\/\/bandeirantes.ms.gov.br\/v2\/2020\/07\/07\/bandeirantes-nao-tem-aumento-de-casos-de-covid-19-na-ultimo-boletin-oficial\/#breadcrumb","itemListElement":[{"@type":"ListItem","position":1,"name":"In\u00edcio","item":"https:\/\/bandeirantes.ms.gov.br\/v2\/"},{"@type":"ListItem","position":2,"name":"Bandeirantes n\u00e3o tem aumento de casos de covid-19 na \u00faltimo boletim oficial"}]},{"@type":"WebSite","@id":"https:\/\/bandeirantes.ms.gov.br\/v2\/#website","url":"https:\/\/bandeirantes.ms.gov.br\/v2\/","name":"Prefeitura Municipal de Bandeirantes","description":"Poder Executivo","publisher":{"@id":"https:\/\/bandeirantes.ms.gov.br\/v2\/#organization"},"potentialAction":[{"@type":"SearchAction","target":{"@type":"EntryPoint","urlTemplate":"https:\/\/bandeirantes.ms.gov.br\/v2\/?s={search_term_string}"},"query-input":{"@type":"PropertyValueSpecification","valueRequired":true,"valueName":"search_term_string"}}],"inLanguage":"pt-BR"},{"@type":"Organization","@id":"https:\/\/bandeirantes.ms.gov.br\/v2\/#organization","name":"Prefeitura Municipal de Bandeirantes","url":"https:\/\/bandeirantes.ms.gov.br\/v2\/","logo":{"@type":"ImageObject","inLanguage":"pt-BR","@id":"https:\/\/bandeirantes.ms.gov.br\/v2\/#\/schema\/logo\/image\/","url":"https:\/\/bandeirantes.ms.gov.br\/v2\/wp-content\/uploads\/2025\/09\/PMBand-Logo358x60.png","contentUrl":"https:\/\/bandeirantes.ms.gov.br\/v2\/wp-content\/uploads\/2025\/09\/PMBand-Logo358x60.png","width":358,"height":60,"caption":"Prefeitura Municipal de Bandeirantes"},"image":{"@id":"https:\/\/bandeirantes.ms.gov.br\/v2\/#\/schema\/logo\/image\/"}},{"@type":"Person","@id":"https:\/\/bandeirantes.ms.gov.br\/v2\/#\/schema\/person\/770546dd2c053e60575cbcab26d1cc1d","name":"Comunica\u00e7\u00e3o Prefeitura","image":{"@type":"ImageObject","inLanguage":"pt-BR","@id":"https:\/\/secure.gravatar.com\/avatar\/cd69d134135a6abc0df4b7ba22332ed61e614bc2fe6297cc2e158c20dbeb9685?s=96&d=mm&r=g","url":"https:\/\/secure.gravatar.com\/avatar\/cd69d134135a6abc0df4b7ba22332ed61e614bc2fe6297cc2e158c20dbeb9685?s=96&d=mm&r=g","contentUrl":"https:\/\/secure.gravatar.com\/avatar\/cd69d134135a6abc0df4b7ba22332ed61e614bc2fe6297cc2e158c20dbeb9685?s=96&d=mm&r=g","caption":"Comunica\u00e7\u00e3o Prefeitura"},"url":"https:\/\/bandeirantes.ms.gov.br\/v2\/author\/adrianohanny\/"}]}},"_links":{"self":[{"href":"https:\/\/bandeirantes.ms.gov.br\/v2\/wp-json\/wp\/v2\/posts\/7308","targetHints":{"allow":["GET"]}}],"collection":[{"href":"https:\/\/bandeirantes.ms.gov.br\/v2\/wp-json\/wp\/v2\/posts"}],"about":[{"href":"https:\/\/bandeirantes.ms.gov.br\/v2\/wp-json\/wp\/v2\/types\/post"}],"author":[{"embeddable":true,"href":"https:\/\/bandeirantes.ms.gov.br\/v2\/wp-json\/wp\/v2\/users\/16"}],"replies":[{"embeddable":true,"href":"https:\/\/bandeirantes.ms.gov.br\/v2\/wp-json\/wp\/v2\/comments?post=7308"}],"version-history":[{"count":2,"href":"https:\/\/bandeirantes.ms.gov.br\/v2\/wp-json\/wp\/v2\/posts\/7308\/revisions"}],"predecessor-version":[{"id":7333,"href":"https:\/\/bandeirantes.ms.gov.br\/v2\/wp-json\/wp\/v2\/posts\/7308\/revisions\/7333"}],"wp:featuredmedia":[{"embeddable":true,"href":"https:\/\/bandeirantes.ms.gov.br\/v2\/wp-json\/wp\/v2\/media\/7310"}],"wp:attachment":[{"href":"https:\/\/bandeirantes.ms.gov.br\/v2\/wp-json\/wp\/v2\/media?parent=7308"}],"wp:term":[{"taxonomy":"category","embeddable":true,"href":"https:\/\/bandeirantes.ms.gov.br\/v2\/wp-json\/wp\/v2\/categories?post=7308"},{"taxonomy":"post_tag","embeddable":true,"href":"https:\/\/bandeirantes.ms.gov.br\/v2\/wp-json\/wp\/v2\/tags?post=7308"}],"curies":[{"name":"wp","href":"https:\/\/api.w.org\/{rel}","templated":true}]}}