{"id":5398,"date":"2020-01-13T16:32:27","date_gmt":"2020-01-13T20:32:27","guid":{"rendered":"https:\/\/bandeirantes.ms.gov.br\/v2\/?p=5398"},"modified":"2020-01-13T16:32:35","modified_gmt":"2020-01-13T20:32:35","slug":"processo-seletivo-simplificado-008-2019-vagas-temporarias-edital","status":"publish","type":"post","link":"https:\/\/bandeirantes.ms.gov.br\/v2\/2020\/01\/13\/processo-seletivo-simplificado-008-2019-vagas-temporarias-edital\/","title":{"rendered":"Processo Seletivo Simplificado 008\/2019 &#8211; Vagas Tempor\u00e1rias (Ato de Cancelamento)"},"content":{"rendered":"<p>O PREFEITO MUNICIPAL DE BANDEIRANTES, ESTADO DE MATO GROSSO DO SUL, \u00c1LVARO NACKLE URT, no uso das atribui\u00e7\u00f5es que lhe s\u00e3o conferidas pela Lei Org\u00e2nica no art. 44,<br \/>\nTORNA P\u00daBLICO o Processo Seletivo Simplificado n\u00ba 008\/2019, com a finalidade de prover vagas para os cargos de Motorista I, Operador de M\u00e1quinas, Operador de Motoniveladora (patrola) e T\u00e9cnico em Enfermagem, destinado ao preenchimento de vagas tempor\u00e1rias para o Quadro de Pessoal da Prefeitura Municipal de Bandeirantes \u2013 MS<\/p>\n<p>&nbsp;<\/p>\n<p><a href=\"https:\/\/bandeirantes.ms.gov.br\/v2\/wp-content\/uploads\/2019\/11\/Edital10-2020PS-08-2019Cancelamento.pdf\">Ato de Cancelamento (13\/01\/2020)<\/a><\/p>\n<p><a href=\"https:\/\/bandeirantes.ms.gov.br\/v2\/wp-content\/uploads\/2019\/10\/Edital009-2019-5ConvMotoristaI.pdf\">5\u00aa Convoca\u00e7\u00e3o (26\/11\/2019)<\/a><\/p>\n<p><a href=\"https:\/\/bandeirantes.ms.gov.br\/v2\/wp-content\/uploads\/2019\/06\/Edital008-2019-4ConvMotoristaI.pdf\">4\u00aa Convoca\u00e7\u00e3o (07\/10\/2019)<\/a><\/p>\n<p><a href=\"https:\/\/bandeirantes.ms.gov.br\/v2\/wp-content\/uploads\/2019\/05\/Edital007-2019_3ConvMotoristaI.pdf\">3\u00aa Convoca\u00e7\u00e3o (28\/06\/2019)<\/a><\/p>\n<p><a href=\"https:\/\/bandeirantes.ms.gov.br\/v2\/wp-content\/uploads\/2019\/05\/Edital006-2019_2ConvOpMotoniveladora.pdf\">2\u00aa Convoca\u00e7\u00e3o (28\/05\/2019)<\/a><\/p>\n<p><a href=\"https:\/\/bandeirantes.ms.gov.br\/v2\/wp-content\/uploads\/2019\/05\/Edital005-2019-1ConvMotoristaeOpMaquinas.pdf\">1\u00aa Convoca\u00e7\u00e3o (23\/05\/2019)<\/a><\/p>\n<p><a href=\"https:\/\/bandeirantes.ms.gov.br\/v2\/wp-content\/uploads\/2019\/05\/Edital004-2019PS008-2019ClassifFinal.pdf\">Classifica\u00e7\u00e3o Final (23\/05\/2019)<\/a><\/p>\n<p><a href=\"https:\/\/bandeirantes.ms.gov.br\/v2\/wp-content\/uploads\/2019\/05\/Edital003-2019EntrevistaMotOperadorMaquinaseOperadordeMotoniveladora.pdf\">Entrevista Individual (21\/05\/2019)<\/a><\/p>\n<p><a href=\"https:\/\/bandeirantes.ms.gov.br\/v2\/wp-content\/uploads\/2019\/05\/Edital002-2019PS008-2019ClassifPreliminar.pdf\">Classifica\u00e7\u00e3o Preliminar (21\/05\/2019)<\/a><\/p>\n<p><a href=\"https:\/\/bandeirantes.ms.gov.br\/v2\/wp-content\/uploads\/2019\/05\/Edital001-2019PS008-2019Divulgacao.pdf\">Edital (09\/05\/2019)<\/a><\/p>\n","protected":false},"excerpt":{"rendered":"<p>O PREFEITO MUNICIPAL DE BANDEIRANTES, ESTADO DE MATO GROSSO DO SUL, \u00c1LVARO NACKLE URT, no uso das atribui\u00e7\u00f5es que lhe s\u00e3o conferidas pela Lei Org\u00e2nica no art. 44, TORNA P\u00daBLICO o Processo Seletivo Simplificado n\u00ba 008\/2019, com a finalidade de prover vagas para os cargos de Motorista I, Operador de M\u00e1quinas, Operador de Motoniveladora (patrola) [&hellip;]<\/p>\n","protected":false},"author":1,"featured_media":5400,"comment_status":"closed","ping_status":"closed","sticky":false,"template":"","format":"standard","meta":{"footnotes":""},"categories":[15],"tags":[],"class_list":["post-5398","post","type-post","status-publish","format-standard","has-post-thumbnail","hentry","category-editais"],"_links":{"self":[{"href":"https:\/\/bandeirantes.ms.gov.br\/v2\/wp-json\/wp\/v2\/posts\/5398","targetHints":{"allow":["GET"]}}],"collection":[{"href":"https:\/\/bandeirantes.ms.gov.br\/v2\/wp-json\/wp\/v2\/posts"}],"about":[{"href":"https:\/\/bandeirantes.ms.gov.br\/v2\/wp-json\/wp\/v2\/types\/post"}],"author":[{"embeddable":true,"href":"https:\/\/bandeirantes.ms.gov.br\/v2\/wp-json\/wp\/v2\/users\/1"}],"replies":[{"embeddable":true,"href":"https:\/\/bandeirantes.ms.gov.br\/v2\/wp-json\/wp\/v2\/comments?post=5398"}],"version-history":[{"count":10,"href":"https:\/\/bandeirantes.ms.gov.br\/v2\/wp-json\/wp\/v2\/posts\/5398\/revisions"}],"predecessor-version":[{"id":6623,"href":"https:\/\/bandeirantes.ms.gov.br\/v2\/wp-json\/wp\/v2\/posts\/5398\/revisions\/6623"}],"wp:featuredmedia":[{"embeddable":true,"href":"https:\/\/bandeirantes.ms.gov.br\/v2\/wp-json\/wp\/v2\/media\/5400"}],"wp:attachment":[{"href":"https:\/\/bandeirantes.ms.gov.br\/v2\/wp-json\/wp\/v2\/media?parent=5398"}],"wp:term":[{"taxonomy":"category","embeddable":true,"href":"https:\/\/bandeirantes.ms.gov.br\/v2\/wp-json\/wp\/v2\/categories?post=5398"},{"taxonomy":"post_tag","embeddable":true,"href":"https:\/\/bandeirantes.ms.gov.br\/v2\/wp-json\/wp\/v2\/tags?post=5398"}],"curies":[{"name":"wp","href":"https:\/\/api.w.org\/{rel}","templated":true}]}}