{"id":4308,"date":"2018-12-09T13:14:38","date_gmt":"2018-12-09T16:14:38","guid":{"rendered":"https:\/\/bandeirantes.ms.gov.br\/v2\/?p=4308"},"modified":"2024-10-07T11:07:26","modified_gmt":"2024-10-07T15:07:26","slug":"pre-matricula-da-rede-municipal-tem-inicio-nesta-segunda-feira-10-12","status":"publish","type":"post","link":"https:\/\/bandeirantes.ms.gov.br\/v2\/2018\/12\/09\/pre-matricula-da-rede-municipal-tem-inicio-nesta-segunda-feira-10-12\/","title":{"rendered":"Pr\u00e9 Matr\u00edcula da Rede Municipal tem in\u00edcio nesta Segunda-feira 10\/12."},"content":{"rendered":"<p>Pr\u00e9 Matr\u00edcula da Rede Municipal tem in\u00edcio nesta Segunda-feira 10\/12<\/p>\n<p>A Prefeitura Municipal de Bandeirantes, na Gest\u00e3o do Prefeito <strong>\u00c1lvaro Urt<\/strong>, atrav\u00e9s da Secretaria Municipal de Educa\u00e7\u00e3o comunica que , a pr\u00e9 Matricula das escolas da rede Municipal ( rural e urbana ), estar\u00e1 aberta a partir desta Segunda-feira dia 10\/12.<br \/>\nO Atendimento ser\u00e1 conforme o ano de 2018 , ou seja , nas escolas urbanas do 1\u00b0 ao 5\u00b0 ano , nas Escolas Rurais do Pr\u00e9 ao 9\u00b0 ano , e o Ceinf com ber\u00e7\u00e1rio , maternal , Pr\u00e9 1 e Pr\u00e9 2.<br \/>\nAs aulas do Ceinf se iniciar\u00e3o j\u00e1 no Pr\u00e9dio novo. O in\u00edcio das aulas ser\u00e1 na segunda semana de Fevereiro , dia 11 , seguindo o calend\u00e1rio do Estado. Se por ventura houver modifica\u00e7\u00f5es ser\u00e3o comunicados com anteced\u00eancia.<br \/>\nOs pais ou respons\u00e1veis devem procurar a Secretaria de Educa\u00e7\u00e3o para comunicar a necessidade do transporte urbano e rural.&nbsp;<\/p>\n<p>Prefeitura Municipal de Bandeirantes &#8221; Cidade das Oportunidades &#8220;.<\/p>\n","protected":false},"excerpt":{"rendered":"<p>Pr\u00e9 Matr\u00edcula da Rede Municipal tem in\u00edcio nesta Segunda-feira 10\/12 A Prefeitura Municipal de Bandeirantes, na Gest\u00e3o do Prefeito \u00c1lvaro Urt, atrav\u00e9s da Secretaria Municipal de Educa\u00e7\u00e3o comunica que , a pr\u00e9 Matricula das escolas da rede Municipal ( rural e urbana ), estar\u00e1 aberta a partir desta Segunda-feira dia 10\/12. O Atendimento ser\u00e1 conforme [&hellip;]<\/p>\n","protected":false},"author":6,"featured_media":4309,"comment_status":"closed","ping_status":"closed","sticky":false,"template":"","format":"standard","meta":{"footnotes":""},"categories":[12,6],"tags":[],"class_list":["post-4308","post","type-post","status-publish","format-standard","has-post-thumbnail","hentry","category-destaques","category-educacao"],"_links":{"self":[{"href":"https:\/\/bandeirantes.ms.gov.br\/v2\/wp-json\/wp\/v2\/posts\/4308","targetHints":{"allow":["GET"]}}],"collection":[{"href":"https:\/\/bandeirantes.ms.gov.br\/v2\/wp-json\/wp\/v2\/posts"}],"about":[{"href":"https:\/\/bandeirantes.ms.gov.br\/v2\/wp-json\/wp\/v2\/types\/post"}],"author":[{"embeddable":true,"href":"https:\/\/bandeirantes.ms.gov.br\/v2\/wp-json\/wp\/v2\/users\/6"}],"replies":[{"embeddable":true,"href":"https:\/\/bandeirantes.ms.gov.br\/v2\/wp-json\/wp\/v2\/comments?post=4308"}],"version-history":[{"count":2,"href":"https:\/\/bandeirantes.ms.gov.br\/v2\/wp-json\/wp\/v2\/posts\/4308\/revisions"}],"predecessor-version":[{"id":4312,"href":"https:\/\/bandeirantes.ms.gov.br\/v2\/wp-json\/wp\/v2\/posts\/4308\/revisions\/4312"}],"wp:featuredmedia":[{"embeddable":true,"href":"https:\/\/bandeirantes.ms.gov.br\/v2\/wp-json\/wp\/v2\/media\/4309"}],"wp:attachment":[{"href":"https:\/\/bandeirantes.ms.gov.br\/v2\/wp-json\/wp\/v2\/media?parent=4308"}],"wp:term":[{"taxonomy":"category","embeddable":true,"href":"https:\/\/bandeirantes.ms.gov.br\/v2\/wp-json\/wp\/v2\/categories?post=4308"},{"taxonomy":"post_tag","embeddable":true,"href":"https:\/\/bandeirantes.ms.gov.br\/v2\/wp-json\/wp\/v2\/tags?post=4308"}],"curies":[{"name":"wp","href":"https:\/\/api.w.org\/{rel}","templated":true}]}}