{"id":4272,"date":"2018-11-26T07:28:35","date_gmt":"2018-11-26T10:28:35","guid":{"rendered":"https:\/\/bandeirantes.ms.gov.br\/v2\/?p=4272"},"modified":"2024-10-07T11:07:26","modified_gmt":"2024-10-07T15:07:26","slug":"dia-ddo-novembro-azul-surpreende-e-tem-numero-recorde-de-participantes","status":"publish","type":"post","link":"https:\/\/bandeirantes.ms.gov.br\/v2\/2018\/11\/26\/dia-ddo-novembro-azul-surpreende-e-tem-numero-recorde-de-participantes\/","title":{"rendered":"Dia &#8220;D&#8221;do Novembro Azul Surpreende e Tem N\u00famero Recorde de Participantes"},"content":{"rendered":"<p>A Prefeitura Municipal de Bandeirantes , na gest\u00e3o do Prefeito <strong>\u00c1lvaro Urt<\/strong> , atrav\u00e9s da Secretaria de Sa\u00fade P\u00fablica realizou, na manh\u00e3 do dia 23\/11 ( Sexta &#8211; Feira ), o dia &#8220;D&#8221; da Campanha do Novembro Azul.&nbsp; O dia &#8220;D&#8221; ,&nbsp;contou com 122 homens ,&nbsp; todos realizaram coleta de sangue para exames de rotina como glicemia e hemograma al\u00e9m do PSA, que \u00e9 o ant\u00edgeno prost\u00e1tico. A a\u00e7\u00e3o foi realizada no dia 23 de novembro com a participa\u00e7\u00e3o do Dr.<strong> Ant\u00f4nio Urt <\/strong>, Urologista do Munic\u00edpio de Bandeirantes. As Enfermeiras dos ESFs , <strong>Danielly Souza, Tatiane Marques <\/strong>,<strong>&nbsp;Priscilla N\u00f3s <\/strong>e a coordenadora da aten\u00e7\u00e3o b\u00e1sica <strong>Thais Carvalho ,<\/strong> ajudaram na a\u00e7\u00e3o. Al\u00e9m claro, das T\u00e9cnicas De Enfermagem e os&nbsp;&nbsp;agentes de sa\u00fade das unidades que ,&nbsp; mobilizaram toda comunidade. V\u00e1rias empresas do munic\u00edpio liberaram seus funcion\u00e1rios para a palestra e exames.<\/p>\n<p>O Prefeito \u00c1lvaro Urt, tamb\u00e9m participou da a\u00e7\u00e3o fazendo os exames e falando sobre o dia:<em> &#8220;\u00c9 muito satisfat\u00f3rio&nbsp;ver tantos homens participando desse dia t\u00e3o&nbsp;importante e que , inclusive , me lembra um relato pessoal. Meu pai foi diagnosticado&nbsp;com c\u00e2ncer&nbsp;de pr\u00f3stata&nbsp;aos 74 anos. Em \u00e9poca&nbsp;ele realizou todo o tratamento e pelo fato do diagn\u00f3stico&nbsp;ter sido fundamental , o tratamento foi muito eficaz. Hoje ele esta com 93 anos e totalmente curado dessa enfermidade.&#8221;<\/em><\/p>\n<p>Quem n\u00e3o pode participar da a\u00e7\u00e3o e necessitar de consultar urologista , o atendimento acontece toda quinta- feira de manh\u00e3 no Centro de Sa\u00fade.&nbsp;<\/p>\n<p>Prefeitura Municipal de Bandeirantes<strong> &#8220;Cidade das Oportunidades&#8221;<\/strong>.<\/p>\n","protected":false},"excerpt":{"rendered":"<p>A Prefeitura Municipal de Bandeirantes , na gest\u00e3o do Prefeito \u00c1lvaro Urt , atrav\u00e9s da Secretaria de Sa\u00fade P\u00fablica realizou, na manh\u00e3 do dia 23\/11 ( Sexta &#8211; Feira ), o dia &#8220;D&#8221; da Campanha do Novembro Azul.&nbsp; O dia &#8220;D&#8221; ,&nbsp;contou com 122 homens ,&nbsp; todos realizaram coleta de sangue para exames de rotina [&hellip;]<\/p>\n","protected":false},"author":6,"featured_media":4261,"comment_status":"closed","ping_status":"closed","sticky":false,"template":"","format":"standard","meta":{"footnotes":""},"categories":[12,10],"tags":[],"class_list":["post-4272","post","type-post","status-publish","format-standard","has-post-thumbnail","hentry","category-destaques","category-saude"],"_links":{"self":[{"href":"https:\/\/bandeirantes.ms.gov.br\/v2\/wp-json\/wp\/v2\/posts\/4272","targetHints":{"allow":["GET"]}}],"collection":[{"href":"https:\/\/bandeirantes.ms.gov.br\/v2\/wp-json\/wp\/v2\/posts"}],"about":[{"href":"https:\/\/bandeirantes.ms.gov.br\/v2\/wp-json\/wp\/v2\/types\/post"}],"author":[{"embeddable":true,"href":"https:\/\/bandeirantes.ms.gov.br\/v2\/wp-json\/wp\/v2\/users\/6"}],"replies":[{"embeddable":true,"href":"https:\/\/bandeirantes.ms.gov.br\/v2\/wp-json\/wp\/v2\/comments?post=4272"}],"version-history":[{"count":3,"href":"https:\/\/bandeirantes.ms.gov.br\/v2\/wp-json\/wp\/v2\/posts\/4272\/revisions"}],"predecessor-version":[{"id":4276,"href":"https:\/\/bandeirantes.ms.gov.br\/v2\/wp-json\/wp\/v2\/posts\/4272\/revisions\/4276"}],"wp:featuredmedia":[{"embeddable":true,"href":"https:\/\/bandeirantes.ms.gov.br\/v2\/wp-json\/wp\/v2\/media\/4261"}],"wp:attachment":[{"href":"https:\/\/bandeirantes.ms.gov.br\/v2\/wp-json\/wp\/v2\/media?parent=4272"}],"wp:term":[{"taxonomy":"category","embeddable":true,"href":"https:\/\/bandeirantes.ms.gov.br\/v2\/wp-json\/wp\/v2\/categories?post=4272"},{"taxonomy":"post_tag","embeddable":true,"href":"https:\/\/bandeirantes.ms.gov.br\/v2\/wp-json\/wp\/v2\/tags?post=4272"}],"curies":[{"name":"wp","href":"https:\/\/api.w.org\/{rel}","templated":true}]}}