{"id":4182,"date":"2018-11-05T10:44:08","date_gmt":"2018-11-05T13:44:08","guid":{"rendered":"https:\/\/bandeirantes.ms.gov.br\/v2\/?p=4182"},"modified":"2024-10-07T11:07:30","modified_gmt":"2024-10-07T15:07:30","slug":"prefeitura-nao-realizara-atendimento-no-dia-05-11-no-periodo-vespertino","status":"publish","type":"post","link":"https:\/\/bandeirantes.ms.gov.br\/v2\/2018\/11\/05\/prefeitura-nao-realizara-atendimento-no-dia-05-11-no-periodo-vespertino\/","title":{"rendered":"Prefeitura n\u00e3o Realizar\u00e1 Atendimento no dia 05\/11 no per\u00edodo Vespertino"},"content":{"rendered":"<p>A Prefeitura Municipal De Bandeirantes , na gest\u00e3o do Prefeito <strong>\u00c1lvaro Urt<\/strong> , comunica que as reparti\u00e7\u00f5es anexas ao pr\u00e9dio da Prefeitura , n\u00e3o realizar\u00e1 atendimento no dia 05\/11 das 13:00 \u00e0s 17:00.&nbsp;Neste per\u00edodo ,&nbsp; o Pa\u00e7o Municipal , passar\u00e1 por uma vistoria el\u00e9trica e toda atividade interna ter\u00e1 que ser interrompida. As demais reparti\u00e7\u00f5es p\u00fablicas municipais , que n\u00e3o tiverem o seu fornecimento de energia el\u00e9trica interrompido , dever\u00e3o funcionar normalmente.<\/p>\n<p>No dia <strong>06\/11<\/strong> o Atendimento voltar\u00e1 ao seu hor\u00e1rio normal!<\/p>\n","protected":false},"excerpt":{"rendered":"<p>A Prefeitura Municipal De Bandeirantes , na gest\u00e3o do Prefeito \u00c1lvaro Urt , comunica que as reparti\u00e7\u00f5es anexas ao pr\u00e9dio da Prefeitura , n\u00e3o realizar\u00e1 atendimento no dia 05\/11 das 13:00 \u00e0s 17:00.&nbsp;Neste per\u00edodo ,&nbsp; o Pa\u00e7o Municipal , passar\u00e1 por uma vistoria el\u00e9trica e toda atividade interna ter\u00e1 que ser interrompida. As demais reparti\u00e7\u00f5es [&hellip;]<\/p>\n","protected":false},"author":6,"featured_media":4183,"comment_status":"closed","ping_status":"closed","sticky":false,"template":"","format":"standard","meta":{"footnotes":""},"categories":[12,11],"tags":[],"class_list":["post-4182","post","type-post","status-publish","format-standard","has-post-thumbnail","hentry","category-destaques","category-prefeito"],"_links":{"self":[{"href":"https:\/\/bandeirantes.ms.gov.br\/v2\/wp-json\/wp\/v2\/posts\/4182","targetHints":{"allow":["GET"]}}],"collection":[{"href":"https:\/\/bandeirantes.ms.gov.br\/v2\/wp-json\/wp\/v2\/posts"}],"about":[{"href":"https:\/\/bandeirantes.ms.gov.br\/v2\/wp-json\/wp\/v2\/types\/post"}],"author":[{"embeddable":true,"href":"https:\/\/bandeirantes.ms.gov.br\/v2\/wp-json\/wp\/v2\/users\/6"}],"replies":[{"embeddable":true,"href":"https:\/\/bandeirantes.ms.gov.br\/v2\/wp-json\/wp\/v2\/comments?post=4182"}],"version-history":[{"count":2,"href":"https:\/\/bandeirantes.ms.gov.br\/v2\/wp-json\/wp\/v2\/posts\/4182\/revisions"}],"predecessor-version":[{"id":4185,"href":"https:\/\/bandeirantes.ms.gov.br\/v2\/wp-json\/wp\/v2\/posts\/4182\/revisions\/4185"}],"wp:featuredmedia":[{"embeddable":true,"href":"https:\/\/bandeirantes.ms.gov.br\/v2\/wp-json\/wp\/v2\/media\/4183"}],"wp:attachment":[{"href":"https:\/\/bandeirantes.ms.gov.br\/v2\/wp-json\/wp\/v2\/media?parent=4182"}],"wp:term":[{"taxonomy":"category","embeddable":true,"href":"https:\/\/bandeirantes.ms.gov.br\/v2\/wp-json\/wp\/v2\/categories?post=4182"},{"taxonomy":"post_tag","embeddable":true,"href":"https:\/\/bandeirantes.ms.gov.br\/v2\/wp-json\/wp\/v2\/tags?post=4182"}],"curies":[{"name":"wp","href":"https:\/\/api.w.org\/{rel}","templated":true}]}}