{"id":4039,"date":"2018-10-15T08:30:06","date_gmt":"2018-10-15T12:30:06","guid":{"rendered":"https:\/\/bandeirantes.ms.gov.br\/v2\/?p=4039"},"modified":"2024-10-07T11:07:35","modified_gmt":"2024-10-07T15:07:35","slug":"prefeito-alvaro-urt-visita-obras-na-rua-luis-flores-soares-pinheiro","status":"publish","type":"post","link":"https:\/\/bandeirantes.ms.gov.br\/v2\/2018\/10\/15\/prefeito-alvaro-urt-visita-obras-na-rua-luis-flores-soares-pinheiro\/","title":{"rendered":"Prefeito \u00c1lvaro Urt visita obras na Rua Luis Flores Soares Pinheiro"},"content":{"rendered":"<p>O Prefeito Municipal de Bandeirantes, <strong>\u00c1lvaro Urt<\/strong>, esteve na manh\u00e3 desta quarta-feira 10\/10 , visitando a Rua Luis Flores Soares Pinheiro , que esta passando por uma grande revitaliza\u00e7\u00e3o. A visita foi pra esclarecer d\u00favidas referente ao cal\u00e7amento que ser\u00e1 realizado em torno dos com\u00e9rcios da mesma.&nbsp;<br \/>\nAcompanhado do Secret\u00e1rio de Obras , Sr.<strong>&nbsp;Marcos Rodrigues<\/strong>&nbsp;e do Eng\u00b0 Civil<strong> F\u00e1bio Marques<\/strong> , o Prefeito \u00c1lvaro Urt&nbsp;, aproveitou para tirar d\u00favidas de alguns comerciantes a respeito do cal\u00e7amento que ser\u00e1 realizado no local. <em>&#8221; Entendemos o anseio dos moradores e comerciantes da regi\u00e3o. Contudo , desde o inicio das obras , foi elaborado um projeto que atendesse a necessidade da popula\u00e7\u00e3o em geral , que futuramente ira transitar na regi\u00e3o. Temos a grata satisfa\u00e7\u00e3o de estar recuperando v\u00e1rias obras , tanto na \u00e1rea rural quanto urbana. S\u00f3 nesta gest\u00e3o foram reformadas e constru\u00eddas 44 pontes. Mas entendemos que n\u00e3o \u00e9 somente isso , queremos e vamos fazer mais pela nossa cidade&#8221;<\/em>.<br \/>\nA Revitaliza\u00e7\u00e3o \u00e9 um investimento do Governo do Estado , e a Prefeitura tem acompanhado toda execu\u00e7\u00e3o da mesma. O Prefeito \u00c1lvaro Urt, esteve hoje , em reuni\u00e3o com o Governador Do estado , para viabilizar o t\u00e9rmino da obra. Os Comerciantes locais tiraram suas d\u00favidas com o Eng\u00b0 <strong>F\u00e1bio Marques<\/strong>. <em>&#8220;Visto que a cal\u00e7ada esta visivelmente irregular , a ideia \u00e9 padronizar todo cal\u00e7amento , pois n\u00e3o \u00e9 somente uma quest\u00e3o de est\u00e9tica e sim de acessibilidade, com isso o local ganhar\u00e1 uma nova visibilidade , tanto de moradores do munic\u00edpio quanto de pessoas que visitam nossa cidade&#8221;<\/em>. Ressaltou o Engenheiro. Ap\u00f3s as devidas explica\u00e7\u00f5es , comerciantes locais , agradeceram pelo esclarecimento das d\u00favidas.<br \/>\nA Prefeitura est\u00e1 , e sempre estar\u00e1 , de portas abertas para popula\u00e7\u00e3o em geral. Nos seus meios de comunica\u00e7\u00e3o , contatos ou na sua Sede em nosso munic\u00edpio. Por\u00e9m n\u00e3o \u00e9 do perfil do Prefeito \u00c1lvaro Urt , nem t\u00e3o pouco de sua equipe, alimentar o &#8220;Sensacionalismo&#8221; com cunho politico.<\/p>\n<p>Prefeitura Municipal De Bandeirantes <strong>&#8220;Cidade das Oportunidades&#8221;<\/strong>.<\/p>\n<p>&nbsp;<\/p>\n","protected":false},"excerpt":{"rendered":"<p>O Prefeito Municipal de Bandeirantes, \u00c1lvaro Urt, esteve na manh\u00e3 desta quarta-feira 10\/10 , visitando a Rua Luis Flores Soares Pinheiro , que esta passando por uma grande revitaliza\u00e7\u00e3o. A visita foi pra esclarecer d\u00favidas referente ao cal\u00e7amento que ser\u00e1 realizado em torno dos com\u00e9rcios da mesma.&nbsp; Acompanhado do Secret\u00e1rio de Obras , Sr.&nbsp;Marcos Rodrigues&nbsp;e [&hellip;]<\/p>\n","protected":false},"author":6,"featured_media":4041,"comment_status":"closed","ping_status":"closed","sticky":false,"template":"","format":"standard","meta":{"footnotes":""},"categories":[12,11],"tags":[],"class_list":["post-4039","post","type-post","status-publish","format-standard","has-post-thumbnail","hentry","category-destaques","category-prefeito"],"_links":{"self":[{"href":"https:\/\/bandeirantes.ms.gov.br\/v2\/wp-json\/wp\/v2\/posts\/4039","targetHints":{"allow":["GET"]}}],"collection":[{"href":"https:\/\/bandeirantes.ms.gov.br\/v2\/wp-json\/wp\/v2\/posts"}],"about":[{"href":"https:\/\/bandeirantes.ms.gov.br\/v2\/wp-json\/wp\/v2\/types\/post"}],"author":[{"embeddable":true,"href":"https:\/\/bandeirantes.ms.gov.br\/v2\/wp-json\/wp\/v2\/users\/6"}],"replies":[{"embeddable":true,"href":"https:\/\/bandeirantes.ms.gov.br\/v2\/wp-json\/wp\/v2\/comments?post=4039"}],"version-history":[{"count":3,"href":"https:\/\/bandeirantes.ms.gov.br\/v2\/wp-json\/wp\/v2\/posts\/4039\/revisions"}],"predecessor-version":[{"id":4044,"href":"https:\/\/bandeirantes.ms.gov.br\/v2\/wp-json\/wp\/v2\/posts\/4039\/revisions\/4044"}],"wp:featuredmedia":[{"embeddable":true,"href":"https:\/\/bandeirantes.ms.gov.br\/v2\/wp-json\/wp\/v2\/media\/4041"}],"wp:attachment":[{"href":"https:\/\/bandeirantes.ms.gov.br\/v2\/wp-json\/wp\/v2\/media?parent=4039"}],"wp:term":[{"taxonomy":"category","embeddable":true,"href":"https:\/\/bandeirantes.ms.gov.br\/v2\/wp-json\/wp\/v2\/categories?post=4039"},{"taxonomy":"post_tag","embeddable":true,"href":"https:\/\/bandeirantes.ms.gov.br\/v2\/wp-json\/wp\/v2\/tags?post=4039"}],"curies":[{"name":"wp","href":"https:\/\/api.w.org\/{rel}","templated":true}]}}