{"id":3988,"date":"2018-10-05T14:30:35","date_gmt":"2018-10-05T18:30:35","guid":{"rendered":"https:\/\/bandeirantes.ms.gov.br\/v2\/?p=3988"},"modified":"2024-10-07T11:07:36","modified_gmt":"2024-10-07T15:07:36","slug":"prefeito-alvaro-urt-parabeniza-acss-e-aces","status":"publish","type":"post","link":"https:\/\/bandeirantes.ms.gov.br\/v2\/2018\/10\/05\/prefeito-alvaro-urt-parabeniza-acss-e-aces\/","title":{"rendered":"Prefeito \u00c1lvaro Urt Parabeniza ACSs e ACEs"},"content":{"rendered":"<p>O Prefeito de Bandeirantes , <strong>\u00c1lvaro Urt<\/strong> , Parabeniza os <strong>Agentes Comunit\u00e1rios de Sa\u00fade&nbsp;<\/strong>e os<strong> Agentes de Combate de Endemias<\/strong> do Nosso Munic\u00edpio pelo seu dia. No dia 04 de outubro \u00e9 comemorado o dia do<strong> Agente Comunit\u00e1rio de Sa\u00fade<\/strong> ( ACS ) e do <strong>Agente de Combate a Endemias<\/strong> ( ACE ) .<\/p>\n<p>Segundo a Secret\u00e1ria Municipal de Sa\u00fade P\u00fablica , Sra.&nbsp;<strong>Rosa Bortolini<\/strong>&nbsp;, a data ressalta a import\u00e2ncia dos profissionais que trabalham na preven\u00e7\u00e3o e identifica\u00e7\u00e3o de doen\u00e7as ou foco epidemiol\u00f3gico que , quando tratados , evita -se o seu agravamento. Segundo a Enf. <strong>Danielly Souza ,&nbsp;<\/strong>Coordenadora do <strong>ESF1 &#8220;Vereador Gede\u00e3o Nogueira da Rocha&#8221;<\/strong>,&nbsp;<em> Os Agentes Comunit\u00e1rios de Sa\u00fade ( ACSs ) , s\u00e3o o cora\u00e7\u00e3o dos ESFs , uma vez que estes profissionais fazem a ponte entre a comunidade e a unidade. Vale salientar que , tanto no aspecto da sa\u00fade quanto no social , os ACSs , s\u00e3o considerados indispens\u00e1veis&nbsp;para o servi\u00e7o de sa\u00fade p\u00fablica , com o singular&nbsp; atendimento humanizados que ambos realizam&#8221;.<\/em>&nbsp;No <strong>ESF &#8220;Vereador Ciro Abdo&#8221; , <\/strong>a Enf.&nbsp;<strong>Priscila Chamorro <\/strong>, Ressaltou a import\u00e2ncia do dia.&nbsp;<em>&#8221; A contribui\u00e7\u00e3o que os ACSs d\u00e3o para a sa\u00fade p\u00fablica , se dedicando com amor a popula\u00e7\u00e3o , n\u00e3o pode ser medida. Sem eles , o sistema de sa\u00fade, estaria deficiente&#8221;.&nbsp;<\/em>Na Endemias a Coordenadora&nbsp;<b>&nbsp;Katiuce Oliveira Fernandes&nbsp;dos Santos<\/b>&nbsp;, lembrou que &#8221; <em>Os Agentes de Combate a Endemias ( ACEs) , s\u00e3o profissionais fundamentais que , trabalhando na integra\u00e7\u00e3o e em parceria com os Agentes Comunit\u00e1rios De Sa\u00fade ( ACSs ) , desensolvem&nbsp;a\u00e7\u00f5es de preven\u00e7\u00e3o e conscientiza\u00e7\u00e3o , fazendo que , dessa forma ,o atendimento aconte\u00e7a&nbsp;de maneira eficaz.&nbsp;<\/em><\/p>\n<p>&nbsp;<\/p>\n<p>Prefeitura Municipal De Bandeirantes <strong>&#8220;Cidade das Oportunidades&#8221;<\/strong>.<\/p>\n<p>&nbsp;<\/p>\n<div class=\"_2ye_\">\n<div>\n<div id=\"u_6f_3\" class=\"_51xa\">\n<div id=\"u_6f_4\" class=\"FriendButton\" data-bt=\"{&quot;ct&quot;:&quot;friends&quot;}\">&nbsp;<\/div>\n<\/div>\n<\/div>\n<\/div>\n<p>&nbsp;<\/p>\n<p>&nbsp;<\/p>\n","protected":false},"excerpt":{"rendered":"<p>O Prefeito de Bandeirantes , \u00c1lvaro Urt , Parabeniza os Agentes Comunit\u00e1rios de Sa\u00fade&nbsp;e os Agentes de Combate de Endemias do Nosso Munic\u00edpio pelo seu dia. No dia 04 de outubro \u00e9 comemorado o dia do Agente Comunit\u00e1rio de Sa\u00fade ( ACS ) e do Agente de Combate a Endemias ( ACE ) . Segundo [&hellip;]<\/p>\n","protected":false},"author":6,"featured_media":3997,"comment_status":"closed","ping_status":"closed","sticky":false,"template":"","format":"standard","meta":{"footnotes":""},"categories":[12,11],"tags":[],"class_list":["post-3988","post","type-post","status-publish","format-standard","has-post-thumbnail","hentry","category-destaques","category-prefeito"],"_links":{"self":[{"href":"https:\/\/bandeirantes.ms.gov.br\/v2\/wp-json\/wp\/v2\/posts\/3988","targetHints":{"allow":["GET"]}}],"collection":[{"href":"https:\/\/bandeirantes.ms.gov.br\/v2\/wp-json\/wp\/v2\/posts"}],"about":[{"href":"https:\/\/bandeirantes.ms.gov.br\/v2\/wp-json\/wp\/v2\/types\/post"}],"author":[{"embeddable":true,"href":"https:\/\/bandeirantes.ms.gov.br\/v2\/wp-json\/wp\/v2\/users\/6"}],"replies":[{"embeddable":true,"href":"https:\/\/bandeirantes.ms.gov.br\/v2\/wp-json\/wp\/v2\/comments?post=3988"}],"version-history":[{"count":3,"href":"https:\/\/bandeirantes.ms.gov.br\/v2\/wp-json\/wp\/v2\/posts\/3988\/revisions"}],"predecessor-version":[{"id":3998,"href":"https:\/\/bandeirantes.ms.gov.br\/v2\/wp-json\/wp\/v2\/posts\/3988\/revisions\/3998"}],"wp:featuredmedia":[{"embeddable":true,"href":"https:\/\/bandeirantes.ms.gov.br\/v2\/wp-json\/wp\/v2\/media\/3997"}],"wp:attachment":[{"href":"https:\/\/bandeirantes.ms.gov.br\/v2\/wp-json\/wp\/v2\/media?parent=3988"}],"wp:term":[{"taxonomy":"category","embeddable":true,"href":"https:\/\/bandeirantes.ms.gov.br\/v2\/wp-json\/wp\/v2\/categories?post=3988"},{"taxonomy":"post_tag","embeddable":true,"href":"https:\/\/bandeirantes.ms.gov.br\/v2\/wp-json\/wp\/v2\/tags?post=3988"}],"curies":[{"name":"wp","href":"https:\/\/api.w.org\/{rel}","templated":true}]}}