{"id":3575,"date":"2020-09-15T08:55:05","date_gmt":"2020-09-15T12:55:05","guid":{"rendered":"https:\/\/bandeirantes.ms.gov.br\/v2\/?p=3575"},"modified":"2024-10-07T11:02:56","modified_gmt":"2024-10-07T15:02:56","slug":"prefeito-alvaro-urt-e-coordenador-politico-do-governo-visitam-obras-no-municipio","status":"publish","type":"post","link":"https:\/\/bandeirantes.ms.gov.br\/v2\/2020\/09\/15\/prefeito-alvaro-urt-e-coordenador-politico-do-governo-visitam-obras-no-municipio\/","title":{"rendered":"Prefeito \u00c1lvaro Urt e Coordenador pol\u00edtico do Governo visitam obras no munic\u00edpio"},"content":{"rendered":"<p>O Prefeito Municipal de Bandeirantes, <strong>\u00c1lvaro Urt<\/strong> , acompanhado do Sr.<strong> Valdemir Nogueira da Rocha &#8220;Carequinha&#8221;&nbsp;<\/strong> Coordenador pol\u00edtico do Governador do Estado, fizeram visitas em v\u00e1rias obras da cidade&nbsp;&nbsp;<\/p>\n","protected":false},"excerpt":{"rendered":"<p>O Prefeito Municipal de Bandeirantes, \u00c1lvaro Urt , acompanhado do Sr. Valdemir Nogueira da Rocha &#8220;Carequinha&#8221;&nbsp; Coordenador pol\u00edtico do Governador do Estado, fizeram visitas em v\u00e1rias obras da cidade&nbsp;&nbsp;<\/p>\n","protected":false},"author":6,"featured_media":3576,"comment_status":"closed","ping_status":"closed","sticky":false,"template":"","format":"standard","meta":{"footnotes":""},"categories":[12,11],"tags":[],"class_list":["post-3575","post","type-post","status-publish","format-standard","has-post-thumbnail","hentry","category-destaques","category-prefeito"],"_links":{"self":[{"href":"https:\/\/bandeirantes.ms.gov.br\/v2\/wp-json\/wp\/v2\/posts\/3575","targetHints":{"allow":["GET"]}}],"collection":[{"href":"https:\/\/bandeirantes.ms.gov.br\/v2\/wp-json\/wp\/v2\/posts"}],"about":[{"href":"https:\/\/bandeirantes.ms.gov.br\/v2\/wp-json\/wp\/v2\/types\/post"}],"author":[{"embeddable":true,"href":"https:\/\/bandeirantes.ms.gov.br\/v2\/wp-json\/wp\/v2\/users\/6"}],"replies":[{"embeddable":true,"href":"https:\/\/bandeirantes.ms.gov.br\/v2\/wp-json\/wp\/v2\/comments?post=3575"}],"version-history":[{"count":2,"href":"https:\/\/bandeirantes.ms.gov.br\/v2\/wp-json\/wp\/v2\/posts\/3575\/revisions"}],"predecessor-version":[{"id":3583,"href":"https:\/\/bandeirantes.ms.gov.br\/v2\/wp-json\/wp\/v2\/posts\/3575\/revisions\/3583"}],"wp:featuredmedia":[{"embeddable":true,"href":"https:\/\/bandeirantes.ms.gov.br\/v2\/wp-json\/wp\/v2\/media\/3576"}],"wp:attachment":[{"href":"https:\/\/bandeirantes.ms.gov.br\/v2\/wp-json\/wp\/v2\/media?parent=3575"}],"wp:term":[{"taxonomy":"category","embeddable":true,"href":"https:\/\/bandeirantes.ms.gov.br\/v2\/wp-json\/wp\/v2\/categories?post=3575"},{"taxonomy":"post_tag","embeddable":true,"href":"https:\/\/bandeirantes.ms.gov.br\/v2\/wp-json\/wp\/v2\/tags?post=3575"}],"curies":[{"name":"wp","href":"https:\/\/api.w.org\/{rel}","templated":true}]}}