{"id":3385,"date":"2018-07-17T18:07:23","date_gmt":"2018-07-17T22:07:23","guid":{"rendered":"http:\/\/bandeirantes.ms.gov.br\/v2\/?p=3385"},"modified":"2024-10-07T11:12:22","modified_gmt":"2024-10-07T15:12:22","slug":"prefeito-recebe-lider-da-assembleia-de-deus-missoes-em-seu-gabinete","status":"publish","type":"post","link":"https:\/\/bandeirantes.ms.gov.br\/v2\/2018\/07\/17\/prefeito-recebe-lider-da-assembleia-de-deus-missoes-em-seu-gabinete\/","title":{"rendered":"Prefeito Recebe L\u00edder da Assembl\u00e9ia de Deus &#8211; Miss\u00f5es em seu Gabinete"},"content":{"rendered":"<p>O Prefeito Municipal de Bandeirantes , <strong>\u00c1lvaro Urt<\/strong> , recebeu em seu gabinete , o l\u00edder da Igreja <strong>Assembl\u00e9ia De Deus -Miss\u00f5es ,<\/strong> Pastor <strong>Jos\u00e9 Morais<\/strong>.<br \/>\nAcompanhado pelo Vereador <strong>Mario Souza<\/strong> , o Pastor , disse que , em breve , ira fazer um grande investimento no pr\u00e9dio da Igreja ao qual pastoreia ,localizada as margens da Br 163.<br \/>\n&#8220;\u00c9 importante ver que temos uma gest\u00e3o voltado para o povo, e extremamente necess\u00e1rio o papel social ao qual v\u00e1rias entidades religiosas vem desenvolvendo no munic\u00edpio&#8221;. Ressaltou o l\u00edder religioso.<br \/>\nO Vereador <strong>Mario Souza<\/strong> , refor\u00e7ou :<br \/>\n&#8220;Bandeirantes tem caminhado rumo a um futuro de grandes conquistas e realiza\u00e7\u00f5es , como representante do executivo, posso afirmar que eu e os demais colegas do Legislativo, n\u00e3o mediremos esfor\u00e7os para correr atr\u00e1s dos recursos, procurando dessa maneira atender toda popula\u00e7\u00e3o Bandeirantense&#8221;.<\/p>\n<p>Prefeitura Municipal De Bandeirantes&nbsp;<strong>&#8220;Cidade Das Oportunidades&#8221;.<\/strong><\/p>\n","protected":false},"excerpt":{"rendered":"<p>O Prefeito Municipal de Bandeirantes , \u00c1lvaro Urt , recebeu em seu gabinete , o l\u00edder da Igreja Assembl\u00e9ia De Deus -Miss\u00f5es , Pastor Jos\u00e9 Morais. Acompanhado pelo Vereador Mario Souza , o Pastor , disse que , em breve , ira fazer um grande investimento no pr\u00e9dio da Igreja ao qual pastoreia ,localizada as [&hellip;]<\/p>\n","protected":false},"author":6,"featured_media":3386,"comment_status":"closed","ping_status":"closed","sticky":false,"template":"","format":"standard","meta":{"footnotes":""},"categories":[12,11],"tags":[],"class_list":["post-3385","post","type-post","status-publish","format-standard","has-post-thumbnail","hentry","category-destaques","category-prefeito"],"_links":{"self":[{"href":"https:\/\/bandeirantes.ms.gov.br\/v2\/wp-json\/wp\/v2\/posts\/3385","targetHints":{"allow":["GET"]}}],"collection":[{"href":"https:\/\/bandeirantes.ms.gov.br\/v2\/wp-json\/wp\/v2\/posts"}],"about":[{"href":"https:\/\/bandeirantes.ms.gov.br\/v2\/wp-json\/wp\/v2\/types\/post"}],"author":[{"embeddable":true,"href":"https:\/\/bandeirantes.ms.gov.br\/v2\/wp-json\/wp\/v2\/users\/6"}],"replies":[{"embeddable":true,"href":"https:\/\/bandeirantes.ms.gov.br\/v2\/wp-json\/wp\/v2\/comments?post=3385"}],"version-history":[{"count":2,"href":"https:\/\/bandeirantes.ms.gov.br\/v2\/wp-json\/wp\/v2\/posts\/3385\/revisions"}],"predecessor-version":[{"id":3388,"href":"https:\/\/bandeirantes.ms.gov.br\/v2\/wp-json\/wp\/v2\/posts\/3385\/revisions\/3388"}],"wp:featuredmedia":[{"embeddable":true,"href":"https:\/\/bandeirantes.ms.gov.br\/v2\/wp-json\/wp\/v2\/media\/3386"}],"wp:attachment":[{"href":"https:\/\/bandeirantes.ms.gov.br\/v2\/wp-json\/wp\/v2\/media?parent=3385"}],"wp:term":[{"taxonomy":"category","embeddable":true,"href":"https:\/\/bandeirantes.ms.gov.br\/v2\/wp-json\/wp\/v2\/categories?post=3385"},{"taxonomy":"post_tag","embeddable":true,"href":"https:\/\/bandeirantes.ms.gov.br\/v2\/wp-json\/wp\/v2\/tags?post=3385"}],"curies":[{"name":"wp","href":"https:\/\/api.w.org\/{rel}","templated":true}]}}