{"id":2965,"date":"2018-06-13T16:46:41","date_gmt":"2018-06-13T20:46:41","guid":{"rendered":"http:\/\/bandeirantes.ms.gov.br\/v2\/?p=2965"},"modified":"2024-10-07T11:12:29","modified_gmt":"2024-10-07T15:12:29","slug":"atracoes-do-53o-ano-do-aniversario-de-bandeirantes-ms","status":"publish","type":"post","link":"https:\/\/bandeirantes.ms.gov.br\/v2\/2018\/06\/13\/atracoes-do-53o-ano-do-aniversario-de-bandeirantes-ms\/","title":{"rendered":"Atra\u00e7\u00f5es do  53\u00ba ano do anivers\u00e1rio de Bandeirantes &#8211; MS"},"content":{"rendered":"<p>As Atra\u00e7\u00f5es do&nbsp;&nbsp;53\u00ba ano do anivers\u00e1rio da cidade de Bandeirantes-MS, prometem agitar os dias 20, 22, 23 e 24\/06, com Shows, Bailes , barracas de comidas tipicas, dan\u00e7a do ventre e no dia 24\/06 o FESTIBAND!<\/p>\n<p>N\u00e3o fique de fora , compartilhe e marques os seus amigos.<\/p>\n<p>Lembrando que todas as atra\u00e7\u00f5es ser\u00e3o gratuitas!!<\/p>\n<div style=\"width: 696px;\" class=\"wp-video\"><video class=\"wp-video-shortcode\" id=\"video-2965-1\" width=\"696\" height=\"394\" preload=\"metadata\" controls=\"controls\"><source type=\"video\/mp4\" src=\"http:\/\/bandeirantes.ms.gov.br\/v2\/wp-content\/uploads\/2018\/06\/WhatsApp-Video-2018-06-13-at-15.26.38.mp4?_=1\" \/><a href=\"http:\/\/bandeirantes.ms.gov.br\/v2\/wp-content\/uploads\/2018\/06\/WhatsApp-Video-2018-06-13-at-15.26.38.mp4\">http:\/\/bandeirantes.ms.gov.br\/v2\/wp-content\/uploads\/2018\/06\/WhatsApp-Video-2018-06-13-at-15.26.38.mp4<\/a><\/video><\/div>\n","protected":false},"excerpt":{"rendered":"<p>As Atra\u00e7\u00f5es do&nbsp;&nbsp;53\u00ba ano do anivers\u00e1rio da cidade de Bandeirantes-MS, prometem agitar os dias 20, 22, 23 e 24\/06, com Shows, Bailes , barracas de comidas tipicas, dan\u00e7a do ventre e no dia 24\/06 o FESTIBAND! N\u00e3o fique de fora , compartilhe e marques os seus amigos. Lembrando que todas as atra\u00e7\u00f5es ser\u00e3o gratuitas!!<\/p>\n","protected":false},"author":6,"featured_media":2973,"comment_status":"closed","ping_status":"closed","sticky":false,"template":"","format":"standard","meta":{"footnotes":""},"categories":[12,7,11],"tags":[],"class_list":["post-2965","post","type-post","status-publish","format-standard","has-post-thumbnail","hentry","category-destaques","category-esporte-e-lazer","category-prefeito"],"_links":{"self":[{"href":"https:\/\/bandeirantes.ms.gov.br\/v2\/wp-json\/wp\/v2\/posts\/2965","targetHints":{"allow":["GET"]}}],"collection":[{"href":"https:\/\/bandeirantes.ms.gov.br\/v2\/wp-json\/wp\/v2\/posts"}],"about":[{"href":"https:\/\/bandeirantes.ms.gov.br\/v2\/wp-json\/wp\/v2\/types\/post"}],"author":[{"embeddable":true,"href":"https:\/\/bandeirantes.ms.gov.br\/v2\/wp-json\/wp\/v2\/users\/6"}],"replies":[{"embeddable":true,"href":"https:\/\/bandeirantes.ms.gov.br\/v2\/wp-json\/wp\/v2\/comments?post=2965"}],"version-history":[{"count":4,"href":"https:\/\/bandeirantes.ms.gov.br\/v2\/wp-json\/wp\/v2\/posts\/2965\/revisions"}],"predecessor-version":[{"id":2974,"href":"https:\/\/bandeirantes.ms.gov.br\/v2\/wp-json\/wp\/v2\/posts\/2965\/revisions\/2974"}],"wp:featuredmedia":[{"embeddable":true,"href":"https:\/\/bandeirantes.ms.gov.br\/v2\/wp-json\/wp\/v2\/media\/2973"}],"wp:attachment":[{"href":"https:\/\/bandeirantes.ms.gov.br\/v2\/wp-json\/wp\/v2\/media?parent=2965"}],"wp:term":[{"taxonomy":"category","embeddable":true,"href":"https:\/\/bandeirantes.ms.gov.br\/v2\/wp-json\/wp\/v2\/categories?post=2965"},{"taxonomy":"post_tag","embeddable":true,"href":"https:\/\/bandeirantes.ms.gov.br\/v2\/wp-json\/wp\/v2\/tags?post=2965"}],"curies":[{"name":"wp","href":"https:\/\/api.w.org\/{rel}","templated":true}]}}