{"id":23587,"date":"2025-08-22T12:33:21","date_gmt":"2025-08-22T16:33:21","guid":{"rendered":"https:\/\/bandeirantes.ms.gov.br\/v2\/?p=23587"},"modified":"2025-08-22T12:33:21","modified_gmt":"2025-08-22T16:33:21","slug":"amanha-23-tem-plantao-de-vacinacao-contra-a-raiva-em-bandeirantes","status":"publish","type":"post","link":"https:\/\/bandeirantes.ms.gov.br\/v2\/2025\/08\/22\/amanha-23-tem-plantao-de-vacinacao-contra-a-raiva-em-bandeirantes\/","title":{"rendered":"Amanh\u00e3 (23) tem plant\u00e3o de vacina\u00e7\u00e3o contra a raiva em Bandeirantes"},"content":{"rendered":"<p><em>&#8220;Vacinar seu animal al\u00e9m de ser um ato de amor previne a incid\u00eancia dessa terr\u00edvel doen\u00e7a em nosso munic\u00edpio&#8221;, afirma Eder Serrou<\/em><\/p>\n<p>Agosto \u00e9 reconhecido nacionalmente como o m\u00eas de vacina\u00e7\u00e3o contra a raiva. Em Bandeirantes a Secretaria de Sa\u00fade P\u00fablica (Semusa) est\u00e1 promovendo uma campanha ostensiva para imunizar c\u00e3es e gatos com mais de 3 meses de idade. A a\u00e7\u00e3o segue at\u00e9 o final de agosto (30) quando ocorre o Dia D de vacina\u00e7\u00e3o.<\/p>\n<p>Segundo o veterin\u00e1rio da Semusa, \u00c9der Serrou, a vacina\u00e7\u00e3o \u00e9 muito importante para conseguir controlar a transmiss\u00e3o da doen\u00e7a.<\/p>\n<p>&#8220;A raiva \u00e9 uma zoonose, doen\u00e7a infecciosa transmitida de animais para humanos que afeta o sistema nervoso central. Uma das maneiras mais eficientes de quebrar o ciclo urbano e rural da zoonose \u00e9 vacinando c\u00e3es e gatos &#8221; afirmou.<\/p>\n<p>Ele ainda explicou que o v\u00edrus da raiva \u00e9 transmitido atrav\u00e9s da mordedura e lambedura, pois est\u00e1 presente na saliva do animal e \u00e9 facilmente transmitido via pele e mucosas.<\/p>\n<p>Este ano j\u00e1 foram identificados nove morcegos infectados com o v\u00edrus em todo o estado.<\/p>\n<p><strong>Vacina\u00e7\u00e3o de casa em casa<\/strong><\/p>\n<p>Neste s\u00e1bado (23), a equipe estar\u00e1 de plant\u00e3o com visitas nos domic\u00edlios para aplica\u00e7\u00e3o da vacina, das 7 \u00e0s 11h e das 13 \u00e0s 17h.<\/p>\n<p>Para solicitar a visita basta entrar em contato pelo WhatsApp no n\u00famero: <strong>(67) 99926-2497<\/strong>, e fornecer o endere\u00e7o completo e a localiza\u00e7\u00e3o.<\/p>\n<p><strong>Dia D vacina\u00e7\u00e3o<\/strong><\/p>\n<p>No dia 30 de agosto (s\u00e1bado) a vacina\u00e7\u00e3o acontece em tr\u00eas pontos fixos (ESFs Ciro Abdo, Gede\u00e3o Nogueira da Rocha e Pra\u00e7a Joaquim Pedro de Andrade), das 7 \u00e0s 11h e das 13 \u00e0s 17h.<\/p>\n<p><strong>Servi\u00e7o:\u00a0<\/strong><\/p>\n<p>ESF Gede\u00e3o Nogueira da Rocha &#8211; Rua Dr. Nicolau Frageli, 91 &#8211; Bairro Silvino de Barros<\/p>\n<p>ESF Ciro Abdo &#8211; Rua Silvestri Ribas, 717 &#8211; Jardim Chico Bandeira<\/p>\n<p>Ricardo Maia\/Ascom<\/p>\n<p>&nbsp;<\/p>\n","protected":false},"excerpt":{"rendered":"<p>&#8220;Vacinar seu animal al\u00e9m de ser um ato de amor previne a incid\u00eancia dessa terr\u00edvel doen\u00e7a em nosso munic\u00edpio&#8221;, afirma Eder Serrou Agosto \u00e9 reconhecido nacionalmente como o m\u00eas de vacina\u00e7\u00e3o contra a raiva. Em Bandeirantes a Secretaria de Sa\u00fade P\u00fablica (Semusa) est\u00e1 promovendo uma campanha ostensiva para imunizar c\u00e3es e gatos com mais de [&hellip;]<\/p>\n","protected":false},"author":25,"featured_media":23588,"comment_status":"closed","ping_status":"closed","sticky":false,"template":"","format":"standard","meta":{"footnotes":""},"categories":[18,12,11,10],"tags":[],"class_list":["post-23587","post","type-post","status-publish","format-standard","has-post-thumbnail","hentry","category-conselho-municipal-de-saude","category-destaques","category-prefeito","category-saude"],"yoast_head":"<!-- This site is optimized with the Yoast SEO plugin v28.4 - https:\/\/yoast.com\/product\/yoast-seo-wordpress\/ -->\n<title>Amanh\u00e3 (23) tem plant\u00e3o de vacina\u00e7\u00e3o contra a raiva em Bandeirantes - Prefeitura Municipal de Bandeirantes<\/title>\n<meta name=\"robots\" content=\"index, follow, max-snippet:-1, max-image-preview:large, max-video-preview:-1\" \/>\n<link rel=\"canonical\" href=\"https:\/\/bandeirantes.ms.gov.br\/v2\/2025\/08\/22\/amanha-23-tem-plantao-de-vacinacao-contra-a-raiva-em-bandeirantes\/\" \/>\n<meta property=\"og:locale\" content=\"pt_BR\" \/>\n<meta property=\"og:type\" content=\"article\" \/>\n<meta property=\"og:title\" content=\"Amanh\u00e3 (23) tem plant\u00e3o de vacina\u00e7\u00e3o contra a raiva em Bandeirantes - Prefeitura Municipal de Bandeirantes\" \/>\n<meta property=\"og:description\" content=\"&#8220;Vacinar seu animal al\u00e9m de ser um ato de amor previne a incid\u00eancia dessa terr\u00edvel doen\u00e7a em nosso munic\u00edpio&#8221;, afirma Eder Serrou Agosto \u00e9 reconhecido nacionalmente como o m\u00eas de vacina\u00e7\u00e3o contra a raiva. Em Bandeirantes a Secretaria de Sa\u00fade P\u00fablica (Semusa) est\u00e1 promovendo uma campanha ostensiva para imunizar c\u00e3es e gatos com mais de [&hellip;]\" \/>\n<meta property=\"og:url\" content=\"https:\/\/bandeirantes.ms.gov.br\/v2\/2025\/08\/22\/amanha-23-tem-plantao-de-vacinacao-contra-a-raiva-em-bandeirantes\/\" \/>\n<meta property=\"og:site_name\" content=\"Prefeitura Municipal de Bandeirantes\" \/>\n<meta property=\"article:published_time\" content=\"2025-08-22T16:33:21+00:00\" \/>\n<meta property=\"og:image\" content=\"https:\/\/bandeirantes.ms.gov.br\/v2\/wp-content\/uploads\/2025\/08\/foto-vacinacao-contra-a-raiva.jpg\" \/>\n\t<meta property=\"og:image:width\" content=\"1000\" \/>\n\t<meta property=\"og:image:height\" content=\"664\" \/>\n\t<meta property=\"og:image:type\" content=\"image\/jpeg\" \/>\n<meta name=\"author\" content=\"Ricardo Maia dos Santos\" \/>\n<meta name=\"twitter:card\" content=\"summary_large_image\" \/>\n<meta name=\"twitter:label1\" content=\"Escrito por\" \/>\n\t<meta name=\"twitter:data1\" content=\"Ricardo Maia dos Santos\" \/>\n\t<meta name=\"twitter:label2\" content=\"Est. tempo de leitura\" \/>\n\t<meta name=\"twitter:data2\" content=\"2 minutos\" \/>\n<script type=\"application\/ld+json\" class=\"yoast-schema-graph\">{\"@context\":\"https:\\\/\\\/schema.org\",\"@graph\":[{\"@type\":\"Article\",\"@id\":\"https:\\\/\\\/bandeirantes.ms.gov.br\\\/v2\\\/2025\\\/08\\\/22\\\/amanha-23-tem-plantao-de-vacinacao-contra-a-raiva-em-bandeirantes\\\/#article\",\"isPartOf\":{\"@id\":\"https:\\\/\\\/bandeirantes.ms.gov.br\\\/v2\\\/2025\\\/08\\\/22\\\/amanha-23-tem-plantao-de-vacinacao-contra-a-raiva-em-bandeirantes\\\/\"},\"author\":{\"name\":\"Ricardo Maia dos Santos\",\"@id\":\"https:\\\/\\\/bandeirantes.ms.gov.br\\\/v2\\\/#\\\/schema\\\/person\\\/e06b729eb768fe37755c803a6c80d615\"},\"headline\":\"Amanh\u00e3 (23) tem plant\u00e3o de vacina\u00e7\u00e3o contra a raiva em Bandeirantes\",\"datePublished\":\"2025-08-22T16:33:21+00:00\",\"mainEntityOfPage\":{\"@id\":\"https:\\\/\\\/bandeirantes.ms.gov.br\\\/v2\\\/2025\\\/08\\\/22\\\/amanha-23-tem-plantao-de-vacinacao-contra-a-raiva-em-bandeirantes\\\/\"},\"wordCount\":332,\"publisher\":{\"@id\":\"https:\\\/\\\/bandeirantes.ms.gov.br\\\/v2\\\/#organization\"},\"image\":{\"@id\":\"https:\\\/\\\/bandeirantes.ms.gov.br\\\/v2\\\/2025\\\/08\\\/22\\\/amanha-23-tem-plantao-de-vacinacao-contra-a-raiva-em-bandeirantes\\\/#primaryimage\"},\"thumbnailUrl\":\"https:\\\/\\\/bandeirantes.ms.gov.br\\\/v2\\\/wp-content\\\/uploads\\\/2025\\\/08\\\/foto-vacinacao-contra-a-raiva.jpg\",\"articleSection\":[\"CONSELHO MUNICIPAL DE SA\u00daDE\",\"DESTAQUES\",\"PREFEITO\",\"SA\u00daDE\"],\"inLanguage\":\"pt-BR\"},{\"@type\":\"WebPage\",\"@id\":\"https:\\\/\\\/bandeirantes.ms.gov.br\\\/v2\\\/2025\\\/08\\\/22\\\/amanha-23-tem-plantao-de-vacinacao-contra-a-raiva-em-bandeirantes\\\/\",\"url\":\"https:\\\/\\\/bandeirantes.ms.gov.br\\\/v2\\\/2025\\\/08\\\/22\\\/amanha-23-tem-plantao-de-vacinacao-contra-a-raiva-em-bandeirantes\\\/\",\"name\":\"Amanh\u00e3 (23) tem plant\u00e3o de vacina\u00e7\u00e3o contra a raiva em Bandeirantes - Prefeitura Municipal de Bandeirantes\",\"isPartOf\":{\"@id\":\"https:\\\/\\\/bandeirantes.ms.gov.br\\\/v2\\\/#website\"},\"primaryImageOfPage\":{\"@id\":\"https:\\\/\\\/bandeirantes.ms.gov.br\\\/v2\\\/2025\\\/08\\\/22\\\/amanha-23-tem-plantao-de-vacinacao-contra-a-raiva-em-bandeirantes\\\/#primaryimage\"},\"image\":{\"@id\":\"https:\\\/\\\/bandeirantes.ms.gov.br\\\/v2\\\/2025\\\/08\\\/22\\\/amanha-23-tem-plantao-de-vacinacao-contra-a-raiva-em-bandeirantes\\\/#primaryimage\"},\"thumbnailUrl\":\"https:\\\/\\\/bandeirantes.ms.gov.br\\\/v2\\\/wp-content\\\/uploads\\\/2025\\\/08\\\/foto-vacinacao-contra-a-raiva.jpg\",\"datePublished\":\"2025-08-22T16:33:21+00:00\",\"breadcrumb\":{\"@id\":\"https:\\\/\\\/bandeirantes.ms.gov.br\\\/v2\\\/2025\\\/08\\\/22\\\/amanha-23-tem-plantao-de-vacinacao-contra-a-raiva-em-bandeirantes\\\/#breadcrumb\"},\"inLanguage\":\"pt-BR\",\"potentialAction\":[{\"@type\":\"ReadAction\",\"target\":[\"https:\\\/\\\/bandeirantes.ms.gov.br\\\/v2\\\/2025\\\/08\\\/22\\\/amanha-23-tem-plantao-de-vacinacao-contra-a-raiva-em-bandeirantes\\\/\"]}]},{\"@type\":\"ImageObject\",\"inLanguage\":\"pt-BR\",\"@id\":\"https:\\\/\\\/bandeirantes.ms.gov.br\\\/v2\\\/2025\\\/08\\\/22\\\/amanha-23-tem-plantao-de-vacinacao-contra-a-raiva-em-bandeirantes\\\/#primaryimage\",\"url\":\"https:\\\/\\\/bandeirantes.ms.gov.br\\\/v2\\\/wp-content\\\/uploads\\\/2025\\\/08\\\/foto-vacinacao-contra-a-raiva.jpg\",\"contentUrl\":\"https:\\\/\\\/bandeirantes.ms.gov.br\\\/v2\\\/wp-content\\\/uploads\\\/2025\\\/08\\\/foto-vacinacao-contra-a-raiva.jpg\",\"width\":1000,\"height\":664},{\"@type\":\"BreadcrumbList\",\"@id\":\"https:\\\/\\\/bandeirantes.ms.gov.br\\\/v2\\\/2025\\\/08\\\/22\\\/amanha-23-tem-plantao-de-vacinacao-contra-a-raiva-em-bandeirantes\\\/#breadcrumb\",\"itemListElement\":[{\"@type\":\"ListItem\",\"position\":1,\"name\":\"In\u00edcio\",\"item\":\"https:\\\/\\\/bandeirantes.ms.gov.br\\\/v2\\\/\"},{\"@type\":\"ListItem\",\"position\":2,\"name\":\"Amanh\u00e3 (23) tem plant\u00e3o de vacina\u00e7\u00e3o contra a raiva em Bandeirantes\"}]},{\"@type\":\"WebSite\",\"@id\":\"https:\\\/\\\/bandeirantes.ms.gov.br\\\/v2\\\/#website\",\"url\":\"https:\\\/\\\/bandeirantes.ms.gov.br\\\/v2\\\/\",\"name\":\"Prefeitura Municipal de Bandeirantes\",\"description\":\"Poder Executivo\",\"publisher\":{\"@id\":\"https:\\\/\\\/bandeirantes.ms.gov.br\\\/v2\\\/#organization\"},\"potentialAction\":[{\"@type\":\"SearchAction\",\"target\":{\"@type\":\"EntryPoint\",\"urlTemplate\":\"https:\\\/\\\/bandeirantes.ms.gov.br\\\/v2\\\/?s={search_term_string}\"},\"query-input\":{\"@type\":\"PropertyValueSpecification\",\"valueRequired\":true,\"valueName\":\"search_term_string\"}}],\"inLanguage\":\"pt-BR\"},{\"@type\":\"Organization\",\"@id\":\"https:\\\/\\\/bandeirantes.ms.gov.br\\\/v2\\\/#organization\",\"name\":\"Prefeitura Municipal de Bandeirantes\",\"url\":\"https:\\\/\\\/bandeirantes.ms.gov.br\\\/v2\\\/\",\"logo\":{\"@type\":\"ImageObject\",\"inLanguage\":\"pt-BR\",\"@id\":\"https:\\\/\\\/bandeirantes.ms.gov.br\\\/v2\\\/#\\\/schema\\\/logo\\\/image\\\/\",\"url\":\"https:\\\/\\\/bandeirantes.ms.gov.br\\\/v2\\\/wp-content\\\/uploads\\\/2025\\\/09\\\/PMBand-Logo358x60.png\",\"contentUrl\":\"https:\\\/\\\/bandeirantes.ms.gov.br\\\/v2\\\/wp-content\\\/uploads\\\/2025\\\/09\\\/PMBand-Logo358x60.png\",\"width\":358,\"height\":60,\"caption\":\"Prefeitura Municipal de Bandeirantes\"},\"image\":{\"@id\":\"https:\\\/\\\/bandeirantes.ms.gov.br\\\/v2\\\/#\\\/schema\\\/logo\\\/image\\\/\"}},{\"@type\":\"Person\",\"@id\":\"https:\\\/\\\/bandeirantes.ms.gov.br\\\/v2\\\/#\\\/schema\\\/person\\\/e06b729eb768fe37755c803a6c80d615\",\"name\":\"Ricardo Maia dos Santos\",\"image\":{\"@type\":\"ImageObject\",\"inLanguage\":\"pt-BR\",\"@id\":\"https:\\\/\\\/secure.gravatar.com\\\/avatar\\\/57d668758b00cf696b1b99749d96240ce32bd24e516f1482910a3d16d8069f71?s=96&d=mm&r=g\",\"url\":\"https:\\\/\\\/secure.gravatar.com\\\/avatar\\\/57d668758b00cf696b1b99749d96240ce32bd24e516f1482910a3d16d8069f71?s=96&d=mm&r=g\",\"contentUrl\":\"https:\\\/\\\/secure.gravatar.com\\\/avatar\\\/57d668758b00cf696b1b99749d96240ce32bd24e516f1482910a3d16d8069f71?s=96&d=mm&r=g\",\"caption\":\"Ricardo Maia dos Santos\"},\"url\":\"https:\\\/\\\/bandeirantes.ms.gov.br\\\/v2\\\/author\\\/ripps23hotmail-com\\\/\"}]}<\/script>\n<!-- \/ Yoast SEO plugin. -->","yoast_head_json":{"title":"Amanh\u00e3 (23) tem plant\u00e3o de vacina\u00e7\u00e3o contra a raiva em Bandeirantes - Prefeitura Municipal de Bandeirantes","robots":{"index":"index","follow":"follow","max-snippet":"max-snippet:-1","max-image-preview":"max-image-preview:large","max-video-preview":"max-video-preview:-1"},"canonical":"https:\/\/bandeirantes.ms.gov.br\/v2\/2025\/08\/22\/amanha-23-tem-plantao-de-vacinacao-contra-a-raiva-em-bandeirantes\/","og_locale":"pt_BR","og_type":"article","og_title":"Amanh\u00e3 (23) tem plant\u00e3o de vacina\u00e7\u00e3o contra a raiva em Bandeirantes - Prefeitura Municipal de Bandeirantes","og_description":"&#8220;Vacinar seu animal al\u00e9m de ser um ato de amor previne a incid\u00eancia dessa terr\u00edvel doen\u00e7a em nosso munic\u00edpio&#8221;, afirma Eder Serrou Agosto \u00e9 reconhecido nacionalmente como o m\u00eas de vacina\u00e7\u00e3o contra a raiva. Em Bandeirantes a Secretaria de Sa\u00fade P\u00fablica (Semusa) est\u00e1 promovendo uma campanha ostensiva para imunizar c\u00e3es e gatos com mais de [&hellip;]","og_url":"https:\/\/bandeirantes.ms.gov.br\/v2\/2025\/08\/22\/amanha-23-tem-plantao-de-vacinacao-contra-a-raiva-em-bandeirantes\/","og_site_name":"Prefeitura Municipal de Bandeirantes","article_published_time":"2025-08-22T16:33:21+00:00","og_image":[{"width":1000,"height":664,"url":"https:\/\/bandeirantes.ms.gov.br\/v2\/wp-content\/uploads\/2025\/08\/foto-vacinacao-contra-a-raiva.jpg","type":"image\/jpeg"}],"author":"Ricardo Maia dos Santos","twitter_card":"summary_large_image","twitter_misc":{"Escrito por":"Ricardo Maia dos Santos","Est. tempo de leitura":"2 minutos"},"schema":{"@context":"https:\/\/schema.org","@graph":[{"@type":"Article","@id":"https:\/\/bandeirantes.ms.gov.br\/v2\/2025\/08\/22\/amanha-23-tem-plantao-de-vacinacao-contra-a-raiva-em-bandeirantes\/#article","isPartOf":{"@id":"https:\/\/bandeirantes.ms.gov.br\/v2\/2025\/08\/22\/amanha-23-tem-plantao-de-vacinacao-contra-a-raiva-em-bandeirantes\/"},"author":{"name":"Ricardo Maia dos Santos","@id":"https:\/\/bandeirantes.ms.gov.br\/v2\/#\/schema\/person\/e06b729eb768fe37755c803a6c80d615"},"headline":"Amanh\u00e3 (23) tem plant\u00e3o de vacina\u00e7\u00e3o contra a raiva em Bandeirantes","datePublished":"2025-08-22T16:33:21+00:00","mainEntityOfPage":{"@id":"https:\/\/bandeirantes.ms.gov.br\/v2\/2025\/08\/22\/amanha-23-tem-plantao-de-vacinacao-contra-a-raiva-em-bandeirantes\/"},"wordCount":332,"publisher":{"@id":"https:\/\/bandeirantes.ms.gov.br\/v2\/#organization"},"image":{"@id":"https:\/\/bandeirantes.ms.gov.br\/v2\/2025\/08\/22\/amanha-23-tem-plantao-de-vacinacao-contra-a-raiva-em-bandeirantes\/#primaryimage"},"thumbnailUrl":"https:\/\/bandeirantes.ms.gov.br\/v2\/wp-content\/uploads\/2025\/08\/foto-vacinacao-contra-a-raiva.jpg","articleSection":["CONSELHO MUNICIPAL DE SA\u00daDE","DESTAQUES","PREFEITO","SA\u00daDE"],"inLanguage":"pt-BR"},{"@type":"WebPage","@id":"https:\/\/bandeirantes.ms.gov.br\/v2\/2025\/08\/22\/amanha-23-tem-plantao-de-vacinacao-contra-a-raiva-em-bandeirantes\/","url":"https:\/\/bandeirantes.ms.gov.br\/v2\/2025\/08\/22\/amanha-23-tem-plantao-de-vacinacao-contra-a-raiva-em-bandeirantes\/","name":"Amanh\u00e3 (23) tem plant\u00e3o de vacina\u00e7\u00e3o contra a raiva em Bandeirantes - Prefeitura Municipal de Bandeirantes","isPartOf":{"@id":"https:\/\/bandeirantes.ms.gov.br\/v2\/#website"},"primaryImageOfPage":{"@id":"https:\/\/bandeirantes.ms.gov.br\/v2\/2025\/08\/22\/amanha-23-tem-plantao-de-vacinacao-contra-a-raiva-em-bandeirantes\/#primaryimage"},"image":{"@id":"https:\/\/bandeirantes.ms.gov.br\/v2\/2025\/08\/22\/amanha-23-tem-plantao-de-vacinacao-contra-a-raiva-em-bandeirantes\/#primaryimage"},"thumbnailUrl":"https:\/\/bandeirantes.ms.gov.br\/v2\/wp-content\/uploads\/2025\/08\/foto-vacinacao-contra-a-raiva.jpg","datePublished":"2025-08-22T16:33:21+00:00","breadcrumb":{"@id":"https:\/\/bandeirantes.ms.gov.br\/v2\/2025\/08\/22\/amanha-23-tem-plantao-de-vacinacao-contra-a-raiva-em-bandeirantes\/#breadcrumb"},"inLanguage":"pt-BR","potentialAction":[{"@type":"ReadAction","target":["https:\/\/bandeirantes.ms.gov.br\/v2\/2025\/08\/22\/amanha-23-tem-plantao-de-vacinacao-contra-a-raiva-em-bandeirantes\/"]}]},{"@type":"ImageObject","inLanguage":"pt-BR","@id":"https:\/\/bandeirantes.ms.gov.br\/v2\/2025\/08\/22\/amanha-23-tem-plantao-de-vacinacao-contra-a-raiva-em-bandeirantes\/#primaryimage","url":"https:\/\/bandeirantes.ms.gov.br\/v2\/wp-content\/uploads\/2025\/08\/foto-vacinacao-contra-a-raiva.jpg","contentUrl":"https:\/\/bandeirantes.ms.gov.br\/v2\/wp-content\/uploads\/2025\/08\/foto-vacinacao-contra-a-raiva.jpg","width":1000,"height":664},{"@type":"BreadcrumbList","@id":"https:\/\/bandeirantes.ms.gov.br\/v2\/2025\/08\/22\/amanha-23-tem-plantao-de-vacinacao-contra-a-raiva-em-bandeirantes\/#breadcrumb","itemListElement":[{"@type":"ListItem","position":1,"name":"In\u00edcio","item":"https:\/\/bandeirantes.ms.gov.br\/v2\/"},{"@type":"ListItem","position":2,"name":"Amanh\u00e3 (23) tem plant\u00e3o de vacina\u00e7\u00e3o contra a raiva em Bandeirantes"}]},{"@type":"WebSite","@id":"https:\/\/bandeirantes.ms.gov.br\/v2\/#website","url":"https:\/\/bandeirantes.ms.gov.br\/v2\/","name":"Prefeitura Municipal de Bandeirantes","description":"Poder Executivo","publisher":{"@id":"https:\/\/bandeirantes.ms.gov.br\/v2\/#organization"},"potentialAction":[{"@type":"SearchAction","target":{"@type":"EntryPoint","urlTemplate":"https:\/\/bandeirantes.ms.gov.br\/v2\/?s={search_term_string}"},"query-input":{"@type":"PropertyValueSpecification","valueRequired":true,"valueName":"search_term_string"}}],"inLanguage":"pt-BR"},{"@type":"Organization","@id":"https:\/\/bandeirantes.ms.gov.br\/v2\/#organization","name":"Prefeitura Municipal de Bandeirantes","url":"https:\/\/bandeirantes.ms.gov.br\/v2\/","logo":{"@type":"ImageObject","inLanguage":"pt-BR","@id":"https:\/\/bandeirantes.ms.gov.br\/v2\/#\/schema\/logo\/image\/","url":"https:\/\/bandeirantes.ms.gov.br\/v2\/wp-content\/uploads\/2025\/09\/PMBand-Logo358x60.png","contentUrl":"https:\/\/bandeirantes.ms.gov.br\/v2\/wp-content\/uploads\/2025\/09\/PMBand-Logo358x60.png","width":358,"height":60,"caption":"Prefeitura Municipal de Bandeirantes"},"image":{"@id":"https:\/\/bandeirantes.ms.gov.br\/v2\/#\/schema\/logo\/image\/"}},{"@type":"Person","@id":"https:\/\/bandeirantes.ms.gov.br\/v2\/#\/schema\/person\/e06b729eb768fe37755c803a6c80d615","name":"Ricardo Maia dos Santos","image":{"@type":"ImageObject","inLanguage":"pt-BR","@id":"https:\/\/secure.gravatar.com\/avatar\/57d668758b00cf696b1b99749d96240ce32bd24e516f1482910a3d16d8069f71?s=96&d=mm&r=g","url":"https:\/\/secure.gravatar.com\/avatar\/57d668758b00cf696b1b99749d96240ce32bd24e516f1482910a3d16d8069f71?s=96&d=mm&r=g","contentUrl":"https:\/\/secure.gravatar.com\/avatar\/57d668758b00cf696b1b99749d96240ce32bd24e516f1482910a3d16d8069f71?s=96&d=mm&r=g","caption":"Ricardo Maia dos Santos"},"url":"https:\/\/bandeirantes.ms.gov.br\/v2\/author\/ripps23hotmail-com\/"}]}},"_links":{"self":[{"href":"https:\/\/bandeirantes.ms.gov.br\/v2\/wp-json\/wp\/v2\/posts\/23587","targetHints":{"allow":["GET"]}}],"collection":[{"href":"https:\/\/bandeirantes.ms.gov.br\/v2\/wp-json\/wp\/v2\/posts"}],"about":[{"href":"https:\/\/bandeirantes.ms.gov.br\/v2\/wp-json\/wp\/v2\/types\/post"}],"author":[{"embeddable":true,"href":"https:\/\/bandeirantes.ms.gov.br\/v2\/wp-json\/wp\/v2\/users\/25"}],"replies":[{"embeddable":true,"href":"https:\/\/bandeirantes.ms.gov.br\/v2\/wp-json\/wp\/v2\/comments?post=23587"}],"version-history":[{"count":1,"href":"https:\/\/bandeirantes.ms.gov.br\/v2\/wp-json\/wp\/v2\/posts\/23587\/revisions"}],"predecessor-version":[{"id":23589,"href":"https:\/\/bandeirantes.ms.gov.br\/v2\/wp-json\/wp\/v2\/posts\/23587\/revisions\/23589"}],"wp:featuredmedia":[{"embeddable":true,"href":"https:\/\/bandeirantes.ms.gov.br\/v2\/wp-json\/wp\/v2\/media\/23588"}],"wp:attachment":[{"href":"https:\/\/bandeirantes.ms.gov.br\/v2\/wp-json\/wp\/v2\/media?parent=23587"}],"wp:term":[{"taxonomy":"category","embeddable":true,"href":"https:\/\/bandeirantes.ms.gov.br\/v2\/wp-json\/wp\/v2\/categories?post=23587"},{"taxonomy":"post_tag","embeddable":true,"href":"https:\/\/bandeirantes.ms.gov.br\/v2\/wp-json\/wp\/v2\/tags?post=23587"}],"curies":[{"name":"wp","href":"https:\/\/api.w.org\/{rel}","templated":true}]}}