{"id":23526,"date":"2025-08-15T19:08:00","date_gmt":"2025-08-15T23:08:00","guid":{"rendered":"https:\/\/bandeirantes.ms.gov.br\/v2\/?p=23526"},"modified":"2025-08-15T20:21:04","modified_gmt":"2025-08-16T00:21:04","slug":"audiencia-publica-discutiu-orcamento-municipal-de-bandeirantes-para-2026","status":"publish","type":"post","link":"https:\/\/bandeirantes.ms.gov.br\/v2\/2025\/08\/15\/audiencia-publica-discutiu-orcamento-municipal-de-bandeirantes-para-2026\/","title":{"rendered":"Audi\u00eancia P\u00fablica discutiu or\u00e7amento municipal para 2026"},"content":{"rendered":"<p><em>A previs\u00e3o \u00e9 de um or\u00e7amento de 115 milh\u00f5es para o ano que vem<\/em><\/p>\n<p>Implanta\u00e7\u00e3o de um polo industrial, cria\u00e7\u00e3o de uma guarda mirim, estas foram algumas das propostas apresentadas, nesta sexta-feira (15), na audi\u00eancia p\u00fablica promovida pelo Prefeitura de Bandeirantes para debater a Lei de Diretrizes Or\u00e7ament\u00e1rias (LDO) e a Lei Or\u00e7amentaria Anual (LOA) para 2026.<\/p>\n<p>Segundo o prefeito, Celso Abrantes, a audi\u00eancia foi importante para ouvir a popula\u00e7\u00e3o sobre as necessidades do munic\u00edpio. &#8220;Esse \u00e9 o primeiro or\u00e7amento formulado pela nossa gest\u00e3o e a participa\u00e7\u00e3o da sociedade nos ajuda a identificar os problemas e propor um or\u00e7amento que v\u00e1 de encontro com o desejo de mudan\u00e7a de todos os bandeirantenses&#8221;.<\/p>\n<div id='gallery-1' class='gallery galleryid-23526 gallery-columns-3 gallery-size-medium'><figure class='gallery-item'>\n\t\t\t<div class='gallery-icon landscape'>\n\t\t\t\t<a href='https:\/\/bandeirantes.ms.gov.br\/v2\/2025\/08\/15\/audiencia-publica-discutiu-orcamento-municipal-de-bandeirantes-para-2026\/4b7302f2-53a2-4897-873e-1f660acd6263\/'><img loading=\"lazy\" decoding=\"async\" width=\"300\" height=\"224\" src=\"https:\/\/bandeirantes.ms.gov.br\/v2\/wp-content\/uploads\/2025\/08\/4b7302f2-53a2-4897-873e-1f660acd6263-300x224.jpg\" class=\"attachment-medium size-medium\" alt=\"\" srcset=\"https:\/\/bandeirantes.ms.gov.br\/v2\/wp-content\/uploads\/2025\/08\/4b7302f2-53a2-4897-873e-1f660acd6263-300x224.jpg 300w, https:\/\/bandeirantes.ms.gov.br\/v2\/wp-content\/uploads\/2025\/08\/4b7302f2-53a2-4897-873e-1f660acd6263-1024x766.jpg 1024w, https:\/\/bandeirantes.ms.gov.br\/v2\/wp-content\/uploads\/2025\/08\/4b7302f2-53a2-4897-873e-1f660acd6263-768x575.jpg 768w, https:\/\/bandeirantes.ms.gov.br\/v2\/wp-content\/uploads\/2025\/08\/4b7302f2-53a2-4897-873e-1f660acd6263-1536x1149.jpg 1536w, https:\/\/bandeirantes.ms.gov.br\/v2\/wp-content\/uploads\/2025\/08\/4b7302f2-53a2-4897-873e-1f660acd6263-561x420.jpg 561w, https:\/\/bandeirantes.ms.gov.br\/v2\/wp-content\/uploads\/2025\/08\/4b7302f2-53a2-4897-873e-1f660acd6263-80x60.jpg 80w, https:\/\/bandeirantes.ms.gov.br\/v2\/wp-content\/uploads\/2025\/08\/4b7302f2-53a2-4897-873e-1f660acd6263-485x360.jpg 485w, https:\/\/bandeirantes.ms.gov.br\/v2\/wp-content\/uploads\/2025\/08\/4b7302f2-53a2-4897-873e-1f660acd6263-696x521.jpg 696w, https:\/\/bandeirantes.ms.gov.br\/v2\/wp-content\/uploads\/2025\/08\/4b7302f2-53a2-4897-873e-1f660acd6263-1068x799.jpg 1068w, https:\/\/bandeirantes.ms.gov.br\/v2\/wp-content\/uploads\/2025\/08\/4b7302f2-53a2-4897-873e-1f660acd6263-265x198.jpg 265w, https:\/\/bandeirantes.ms.gov.br\/v2\/wp-content\/uploads\/2025\/08\/4b7302f2-53a2-4897-873e-1f660acd6263.jpg 1600w\" sizes=\"auto, (max-width: 300px) 100vw, 300px\" \/><\/a>\n\t\t\t<\/div><\/figure><figure class='gallery-item'>\n\t\t\t<div class='gallery-icon landscape'>\n\t\t\t\t<a href='https:\/\/bandeirantes.ms.gov.br\/v2\/2025\/08\/15\/audiencia-publica-discutiu-orcamento-municipal-de-bandeirantes-para-2026\/c81a8295-3843-4e57-8bc0-1c642320e279\/'><img loading=\"lazy\" decoding=\"async\" width=\"300\" height=\"225\" src=\"https:\/\/bandeirantes.ms.gov.br\/v2\/wp-content\/uploads\/2025\/08\/c81a8295-3843-4e57-8bc0-1c642320e279-300x225.jpg\" class=\"attachment-medium size-medium\" alt=\"\" srcset=\"https:\/\/bandeirantes.ms.gov.br\/v2\/wp-content\/uploads\/2025\/08\/c81a8295-3843-4e57-8bc0-1c642320e279-300x225.jpg 300w, https:\/\/bandeirantes.ms.gov.br\/v2\/wp-content\/uploads\/2025\/08\/c81a8295-3843-4e57-8bc0-1c642320e279-1024x768.jpg 1024w, https:\/\/bandeirantes.ms.gov.br\/v2\/wp-content\/uploads\/2025\/08\/c81a8295-3843-4e57-8bc0-1c642320e279-768x576.jpg 768w, https:\/\/bandeirantes.ms.gov.br\/v2\/wp-content\/uploads\/2025\/08\/c81a8295-3843-4e57-8bc0-1c642320e279-1536x1152.jpg 1536w, https:\/\/bandeirantes.ms.gov.br\/v2\/wp-content\/uploads\/2025\/08\/c81a8295-3843-4e57-8bc0-1c642320e279-560x420.jpg 560w, https:\/\/bandeirantes.ms.gov.br\/v2\/wp-content\/uploads\/2025\/08\/c81a8295-3843-4e57-8bc0-1c642320e279-80x60.jpg 80w, https:\/\/bandeirantes.ms.gov.br\/v2\/wp-content\/uploads\/2025\/08\/c81a8295-3843-4e57-8bc0-1c642320e279-696x522.jpg 696w, https:\/\/bandeirantes.ms.gov.br\/v2\/wp-content\/uploads\/2025\/08\/c81a8295-3843-4e57-8bc0-1c642320e279-1068x801.jpg 1068w, https:\/\/bandeirantes.ms.gov.br\/v2\/wp-content\/uploads\/2025\/08\/c81a8295-3843-4e57-8bc0-1c642320e279-265x198.jpg 265w, https:\/\/bandeirantes.ms.gov.br\/v2\/wp-content\/uploads\/2025\/08\/c81a8295-3843-4e57-8bc0-1c642320e279.jpg 1600w\" sizes=\"auto, (max-width: 300px) 100vw, 300px\" \/><\/a>\n\t\t\t<\/div><\/figure><figure class='gallery-item'>\n\t\t\t<div class='gallery-icon landscape'>\n\t\t\t\t<a href='https:\/\/bandeirantes.ms.gov.br\/v2\/2025\/08\/15\/audiencia-publica-discutiu-orcamento-municipal-de-bandeirantes-para-2026\/foto-audiencia-ldo\/'><img loading=\"lazy\" decoding=\"async\" width=\"300\" height=\"225\" src=\"https:\/\/bandeirantes.ms.gov.br\/v2\/wp-content\/uploads\/2025\/08\/Foto-Audiencia-LDO-300x225.jpg\" class=\"attachment-medium size-medium\" alt=\"\" srcset=\"https:\/\/bandeirantes.ms.gov.br\/v2\/wp-content\/uploads\/2025\/08\/Foto-Audiencia-LDO-300x225.jpg 300w, https:\/\/bandeirantes.ms.gov.br\/v2\/wp-content\/uploads\/2025\/08\/Foto-Audiencia-LDO-1024x768.jpg 1024w, https:\/\/bandeirantes.ms.gov.br\/v2\/wp-content\/uploads\/2025\/08\/Foto-Audiencia-LDO-768x576.jpg 768w, https:\/\/bandeirantes.ms.gov.br\/v2\/wp-content\/uploads\/2025\/08\/Foto-Audiencia-LDO-1536x1152.jpg 1536w, https:\/\/bandeirantes.ms.gov.br\/v2\/wp-content\/uploads\/2025\/08\/Foto-Audiencia-LDO-560x420.jpg 560w, https:\/\/bandeirantes.ms.gov.br\/v2\/wp-content\/uploads\/2025\/08\/Foto-Audiencia-LDO-80x60.jpg 80w, https:\/\/bandeirantes.ms.gov.br\/v2\/wp-content\/uploads\/2025\/08\/Foto-Audiencia-LDO-696x522.jpg 696w, https:\/\/bandeirantes.ms.gov.br\/v2\/wp-content\/uploads\/2025\/08\/Foto-Audiencia-LDO-1068x801.jpg 1068w, https:\/\/bandeirantes.ms.gov.br\/v2\/wp-content\/uploads\/2025\/08\/Foto-Audiencia-LDO-265x198.jpg 265w, https:\/\/bandeirantes.ms.gov.br\/v2\/wp-content\/uploads\/2025\/08\/Foto-Audiencia-LDO.jpg 1600w\" sizes=\"auto, (max-width: 300px) 100vw, 300px\" \/><\/a>\n\t\t\t<\/div><\/figure>\n\t\t<\/div>\n\n<p>A audi\u00eancia foi organizada pelas secretarias de Finan\u00e7as P\u00fablicas e Administra\u00e7\u00e3o e contou com a participa\u00e7\u00e3o vice-prefeito Marinho Serpa, do presidente da C\u00e2mara Municipal, Marcelo Abdo, e dos vereadores, Mario Jos\u00e9 de Souza, Gelson Guimar\u00e3es, Maisa Aparecida dos Santos e Zulene Diniz.<\/p>\n<p>Ap\u00f3s as contribui\u00e7\u00f5es, o or\u00e7amento segue para a Comiss\u00e3o de Elabora\u00e7\u00e3o, Planejamento e Acompanhamento do Or\u00e7amento para a reda\u00e7\u00e3o final do projeto. A LDO ser\u00e1 encaminhada pelo prefeito para an\u00e1lise e aprova\u00e7\u00e3o dos vereadores.<\/p>\n<p><strong>LDO e LOA?<\/strong><\/p>\n<p>A LDO e a LOA s\u00e3o instrumentos essenciais para o planejamento e a gest\u00e3o das finan\u00e7as p\u00fablicas, garantindo a transpar\u00eancia e controle de gastos.<\/p>\n<p>A LDO define as regras e prioridades para o or\u00e7amento anual e serve de par\u00e2metro para a elabora\u00e7\u00e3o da lei or\u00e7ament\u00e1ria.\u00a0J\u00e1 a LOA estima as receitas e fixa as despesas do or\u00e7amento anual.<\/p>\n<p><strong>Polo Industrial em Bandeirantes<\/strong><\/p>\n<p>Para o presidente da Associa\u00e7\u00e3o Industrial de Bandeirantes, Dervino Antunes dos Santos, a audi\u00eancia permite a sociedade participar da formula\u00e7\u00e3o do or\u00e7amento e apresentar suas propostas.<\/p>\n<p>&#8220;Faz 4 anos que estamos nessa luta para a implanta\u00e7\u00e3o de um polo industrial em nossa cidade&#8221;, afirmou.<\/p>\n<p>J\u00e1 o servidor Orlando Junior apresentou proposta para cria\u00e7\u00e3o de uma guarda mirim no munic\u00edpio. Segundo ele o projeto vai servir para capacitar e conscientizar os adolescentes. O programa ficaria sob a responsabilidade da Secretaria de Assist\u00eancia Social.<\/p>\n<p><strong>PMPI<\/strong><\/p>\n<p>Outra novidade para 2026 \u00e9 a incorpora\u00e7\u00e3o do Plano Municipal da Primeira Inf\u00e2ncia (PMPI) ao or\u00e7amento municipal. O plano prev\u00ea a\u00e7\u00f5es direcionadas para crian\u00e7as de 0 a 6 anos e tem o objetivo de melhorar a qualidade dos servi\u00e7os p\u00fablicos oferecidos, assegurar a igualdade de direitos e contribuir para o desenvolvimento saud\u00e1vel das crian\u00e7as de 0 a 6 anos.<\/p>\n<p>O coordenador-geral do plano, Adeblando Alves, afirmou que \u00e9 importante que as a\u00e7\u00f5es sejam incorporadas ao or\u00e7amento para que comecem a ser executadas em 2026.<\/p>\n<p>O PMPI j\u00e1 foi aprovado pelo Conselho Municipal dos Direitos da Crian\u00e7a e do Adolescente (CMDCA) e vai ser encaminhado pelo executivo para aprova\u00e7\u00e3o da C\u00e2mara Municipal.<\/p>\n<p>&nbsp;<\/p>\n\r\n                <style type=\"text\/css\">\r\n                    \r\n                    #tdi_1  .td-doubleSlider-2 .td-item1 {\r\n                        background: url(https:\/\/bandeirantes.ms.gov.br\/v2\/wp-content\/uploads\/2025\/08\/1-80x60.jpg) 0 0 no-repeat;\r\n                    }\r\n                    #tdi_1  .td-doubleSlider-2 .td-item2 {\r\n                        background: url(https:\/\/bandeirantes.ms.gov.br\/v2\/wp-content\/uploads\/2025\/08\/2-80x60.jpg) 0 0 no-repeat;\r\n                    }\r\n                    #tdi_1  .td-doubleSlider-2 .td-item3 {\r\n                        background: url(https:\/\/bandeirantes.ms.gov.br\/v2\/wp-content\/uploads\/2025\/08\/3-80x60.jpg) 0 0 no-repeat;\r\n                    }\r\n                    #tdi_1  .td-doubleSlider-2 .td-item4 {\r\n                        background: url(https:\/\/bandeirantes.ms.gov.br\/v2\/wp-content\/uploads\/2025\/08\/4-80x60.jpg) 0 0 no-repeat;\r\n                    }\r\n                    #tdi_1  .td-doubleSlider-2 .td-item5 {\r\n                        background: url(https:\/\/bandeirantes.ms.gov.br\/v2\/wp-content\/uploads\/2025\/08\/5-80x60.jpg) 0 0 no-repeat;\r\n                    }\r\n                    #tdi_1  .td-doubleSlider-2 .td-item6 {\r\n                        background: url(https:\/\/bandeirantes.ms.gov.br\/v2\/wp-content\/uploads\/2025\/08\/7-80x60.jpg) 0 0 no-repeat;\r\n                    }\r\n                <\/style>\r\n\r\n                <div id=\"tdi_1\" class=\"td-gallery td-slide-on-2-columns\">\r\n                    <div class=\"post_td_gallery\">\r\n                        <div class=\"td-gallery-slide-top\">\r\n                           <div class=\"td-gallery-title\"><\/div>\r\n\r\n                            <div class=\"td-gallery-controls-wrapper\">\r\n                                <div class=\"td-gallery-slide-count\"><span class=\"td-gallery-slide-item-focus\">1<\/span> de 6<\/div>\r\n                                <div class=\"td-gallery-slide-prev-next-but\">\r\n                                    <i class = \"td-icon-left doubleSliderPrevButton\"><\/i>\r\n                                    <i class = \"td-icon-right doubleSliderNextButton\"><\/i>\r\n                                <\/div>\r\n                            <\/div>\r\n                        <\/div>\r\n\r\n                        <div class = \"td-doubleSlider-1 \">\r\n                            <div class = \"td-slider\">\r\n                                \r\n                    <div class = \"td-slide-item td-item1\">\r\n                        <figure class=\"td-slide-galery-figure td-slide-popup-gallery\">\r\n                            <a class=\"slide-gallery-image-link\" href=\"https:\/\/bandeirantes.ms.gov.br\/v2\/wp-content\/uploads\/2025\/08\/1.jpg\" title=\"1\"  data-caption=\"\"  data-description=\"\">\r\n                                <img decoding=\"async\" src=\"https:\/\/bandeirantes.ms.gov.br\/v2\/wp-content\/uploads\/2025\/08\/1-561x420.jpg\" srcset=\"https:\/\/bandeirantes.ms.gov.br\/v2\/wp-content\/uploads\/2025\/08\/1-561x420.jpg 561w, https:\/\/bandeirantes.ms.gov.br\/v2\/wp-content\/uploads\/2025\/08\/1-300x224.jpg 300w, https:\/\/bandeirantes.ms.gov.br\/v2\/wp-content\/uploads\/2025\/08\/1-1024x766.jpg 1024w, https:\/\/bandeirantes.ms.gov.br\/v2\/wp-content\/uploads\/2025\/08\/1-768x575.jpg 768w, https:\/\/bandeirantes.ms.gov.br\/v2\/wp-content\/uploads\/2025\/08\/1-1536x1149.jpg 1536w, https:\/\/bandeirantes.ms.gov.br\/v2\/wp-content\/uploads\/2025\/08\/1-80x60.jpg 80w, https:\/\/bandeirantes.ms.gov.br\/v2\/wp-content\/uploads\/2025\/08\/1-696x521.jpg 696w, https:\/\/bandeirantes.ms.gov.br\/v2\/wp-content\/uploads\/2025\/08\/1-1068x799.jpg 1068w, https:\/\/bandeirantes.ms.gov.br\/v2\/wp-content\/uploads\/2025\/08\/1-265x198.jpg 265w, https:\/\/bandeirantes.ms.gov.br\/v2\/wp-content\/uploads\/2025\/08\/1.jpg 1600w\" sizes=\"(max-width: 561px) 100vw, 561px\" alt=\"\">\r\n                            <\/a>\r\n                            \r\n                        <\/figure>\r\n                    <\/div>\r\n                    <div class = \"td-slide-item td-item2\">\r\n                        <figure class=\"td-slide-galery-figure td-slide-popup-gallery\">\r\n                            <a class=\"slide-gallery-image-link\" href=\"https:\/\/bandeirantes.ms.gov.br\/v2\/wp-content\/uploads\/2025\/08\/2.jpg\" title=\"2\"  data-caption=\"\"  data-description=\"\">\r\n                                <img decoding=\"async\" src=\"https:\/\/bandeirantes.ms.gov.br\/v2\/wp-content\/uploads\/2025\/08\/2-561x420.jpg\" srcset=\"https:\/\/bandeirantes.ms.gov.br\/v2\/wp-content\/uploads\/2025\/08\/2-561x420.jpg 561w, https:\/\/bandeirantes.ms.gov.br\/v2\/wp-content\/uploads\/2025\/08\/2-300x224.jpg 300w, https:\/\/bandeirantes.ms.gov.br\/v2\/wp-content\/uploads\/2025\/08\/2-1024x766.jpg 1024w, https:\/\/bandeirantes.ms.gov.br\/v2\/wp-content\/uploads\/2025\/08\/2-768x575.jpg 768w, https:\/\/bandeirantes.ms.gov.br\/v2\/wp-content\/uploads\/2025\/08\/2-1536x1149.jpg 1536w, https:\/\/bandeirantes.ms.gov.br\/v2\/wp-content\/uploads\/2025\/08\/2-80x60.jpg 80w, https:\/\/bandeirantes.ms.gov.br\/v2\/wp-content\/uploads\/2025\/08\/2-696x521.jpg 696w, https:\/\/bandeirantes.ms.gov.br\/v2\/wp-content\/uploads\/2025\/08\/2-1068x799.jpg 1068w, https:\/\/bandeirantes.ms.gov.br\/v2\/wp-content\/uploads\/2025\/08\/2-265x198.jpg 265w, https:\/\/bandeirantes.ms.gov.br\/v2\/wp-content\/uploads\/2025\/08\/2.jpg 1600w\" sizes=\"(max-width: 561px) 100vw, 561px\" alt=\"\">\r\n                            <\/a>\r\n                            \r\n                        <\/figure>\r\n                    <\/div>\r\n                    <div class = \"td-slide-item td-item3\">\r\n                        <figure class=\"td-slide-galery-figure td-slide-popup-gallery\">\r\n                            <a class=\"slide-gallery-image-link\" href=\"https:\/\/bandeirantes.ms.gov.br\/v2\/wp-content\/uploads\/2025\/08\/3.jpg\" title=\"3\"  data-caption=\"\"  data-description=\"\">\r\n                                <img decoding=\"async\" src=\"https:\/\/bandeirantes.ms.gov.br\/v2\/wp-content\/uploads\/2025\/08\/3-561x420.jpg\" srcset=\"https:\/\/bandeirantes.ms.gov.br\/v2\/wp-content\/uploads\/2025\/08\/3-561x420.jpg 561w, https:\/\/bandeirantes.ms.gov.br\/v2\/wp-content\/uploads\/2025\/08\/3-300x224.jpg 300w, https:\/\/bandeirantes.ms.gov.br\/v2\/wp-content\/uploads\/2025\/08\/3-1024x766.jpg 1024w, https:\/\/bandeirantes.ms.gov.br\/v2\/wp-content\/uploads\/2025\/08\/3-768x575.jpg 768w, https:\/\/bandeirantes.ms.gov.br\/v2\/wp-content\/uploads\/2025\/08\/3-1536x1149.jpg 1536w, https:\/\/bandeirantes.ms.gov.br\/v2\/wp-content\/uploads\/2025\/08\/3-80x60.jpg 80w, https:\/\/bandeirantes.ms.gov.br\/v2\/wp-content\/uploads\/2025\/08\/3-696x521.jpg 696w, https:\/\/bandeirantes.ms.gov.br\/v2\/wp-content\/uploads\/2025\/08\/3-1068x799.jpg 1068w, https:\/\/bandeirantes.ms.gov.br\/v2\/wp-content\/uploads\/2025\/08\/3-265x198.jpg 265w, https:\/\/bandeirantes.ms.gov.br\/v2\/wp-content\/uploads\/2025\/08\/3.jpg 1600w\" sizes=\"(max-width: 561px) 100vw, 561px\" alt=\"\">\r\n                            <\/a>\r\n                            \r\n                        <\/figure>\r\n                    <\/div>\r\n                    <div class = \"td-slide-item td-item4\">\r\n                        <figure class=\"td-slide-galery-figure td-slide-popup-gallery\">\r\n                            <a class=\"slide-gallery-image-link\" href=\"https:\/\/bandeirantes.ms.gov.br\/v2\/wp-content\/uploads\/2025\/08\/4.jpg\" title=\"4\"  data-caption=\"\"  data-description=\"\">\r\n                                <img decoding=\"async\" src=\"https:\/\/bandeirantes.ms.gov.br\/v2\/wp-content\/uploads\/2025\/08\/4-561x420.jpg\" srcset=\"https:\/\/bandeirantes.ms.gov.br\/v2\/wp-content\/uploads\/2025\/08\/4-561x420.jpg 561w, https:\/\/bandeirantes.ms.gov.br\/v2\/wp-content\/uploads\/2025\/08\/4-300x224.jpg 300w, https:\/\/bandeirantes.ms.gov.br\/v2\/wp-content\/uploads\/2025\/08\/4-1024x766.jpg 1024w, https:\/\/bandeirantes.ms.gov.br\/v2\/wp-content\/uploads\/2025\/08\/4-768x575.jpg 768w, https:\/\/bandeirantes.ms.gov.br\/v2\/wp-content\/uploads\/2025\/08\/4-1536x1149.jpg 1536w, https:\/\/bandeirantes.ms.gov.br\/v2\/wp-content\/uploads\/2025\/08\/4-80x60.jpg 80w, https:\/\/bandeirantes.ms.gov.br\/v2\/wp-content\/uploads\/2025\/08\/4-696x521.jpg 696w, https:\/\/bandeirantes.ms.gov.br\/v2\/wp-content\/uploads\/2025\/08\/4-1068x799.jpg 1068w, https:\/\/bandeirantes.ms.gov.br\/v2\/wp-content\/uploads\/2025\/08\/4-265x198.jpg 265w, https:\/\/bandeirantes.ms.gov.br\/v2\/wp-content\/uploads\/2025\/08\/4.jpg 1600w\" sizes=\"(max-width: 561px) 100vw, 561px\" alt=\"\">\r\n                            <\/a>\r\n                            \r\n                        <\/figure>\r\n                    <\/div>\r\n                    <div class = \"td-slide-item td-item5\">\r\n                        <figure class=\"td-slide-galery-figure td-slide-popup-gallery\">\r\n                            <a class=\"slide-gallery-image-link\" href=\"https:\/\/bandeirantes.ms.gov.br\/v2\/wp-content\/uploads\/2025\/08\/5.jpg\" title=\"5\"  data-caption=\"\"  data-description=\"\">\r\n                                <img decoding=\"async\" src=\"https:\/\/bandeirantes.ms.gov.br\/v2\/wp-content\/uploads\/2025\/08\/5-561x420.jpg\" srcset=\"https:\/\/bandeirantes.ms.gov.br\/v2\/wp-content\/uploads\/2025\/08\/5-561x420.jpg 561w, https:\/\/bandeirantes.ms.gov.br\/v2\/wp-content\/uploads\/2025\/08\/5-300x224.jpg 300w, https:\/\/bandeirantes.ms.gov.br\/v2\/wp-content\/uploads\/2025\/08\/5-1024x766.jpg 1024w, https:\/\/bandeirantes.ms.gov.br\/v2\/wp-content\/uploads\/2025\/08\/5-768x575.jpg 768w, https:\/\/bandeirantes.ms.gov.br\/v2\/wp-content\/uploads\/2025\/08\/5-1536x1149.jpg 1536w, https:\/\/bandeirantes.ms.gov.br\/v2\/wp-content\/uploads\/2025\/08\/5-80x60.jpg 80w, https:\/\/bandeirantes.ms.gov.br\/v2\/wp-content\/uploads\/2025\/08\/5-696x521.jpg 696w, https:\/\/bandeirantes.ms.gov.br\/v2\/wp-content\/uploads\/2025\/08\/5-1068x799.jpg 1068w, https:\/\/bandeirantes.ms.gov.br\/v2\/wp-content\/uploads\/2025\/08\/5-265x198.jpg 265w, https:\/\/bandeirantes.ms.gov.br\/v2\/wp-content\/uploads\/2025\/08\/5.jpg 1600w\" sizes=\"(max-width: 561px) 100vw, 561px\" alt=\"\">\r\n                            <\/a>\r\n                            \r\n                        <\/figure>\r\n                    <\/div>\r\n                    <div class = \"td-slide-item td-item6\">\r\n                        <figure class=\"td-slide-galery-figure td-slide-popup-gallery\">\r\n                            <a class=\"slide-gallery-image-link\" href=\"https:\/\/bandeirantes.ms.gov.br\/v2\/wp-content\/uploads\/2025\/08\/7.jpg\" title=\"7\"  data-caption=\"\"  data-description=\"\">\r\n                                <img decoding=\"async\" src=\"https:\/\/bandeirantes.ms.gov.br\/v2\/wp-content\/uploads\/2025\/08\/7-561x420.jpg\" srcset=\"https:\/\/bandeirantes.ms.gov.br\/v2\/wp-content\/uploads\/2025\/08\/7-561x420.jpg 561w, https:\/\/bandeirantes.ms.gov.br\/v2\/wp-content\/uploads\/2025\/08\/7-300x224.jpg 300w, https:\/\/bandeirantes.ms.gov.br\/v2\/wp-content\/uploads\/2025\/08\/7-1024x766.jpg 1024w, https:\/\/bandeirantes.ms.gov.br\/v2\/wp-content\/uploads\/2025\/08\/7-768x575.jpg 768w, https:\/\/bandeirantes.ms.gov.br\/v2\/wp-content\/uploads\/2025\/08\/7-1536x1149.jpg 1536w, https:\/\/bandeirantes.ms.gov.br\/v2\/wp-content\/uploads\/2025\/08\/7-80x60.jpg 80w, https:\/\/bandeirantes.ms.gov.br\/v2\/wp-content\/uploads\/2025\/08\/7-696x521.jpg 696w, https:\/\/bandeirantes.ms.gov.br\/v2\/wp-content\/uploads\/2025\/08\/7-1068x799.jpg 1068w, https:\/\/bandeirantes.ms.gov.br\/v2\/wp-content\/uploads\/2025\/08\/7-265x198.jpg 265w, https:\/\/bandeirantes.ms.gov.br\/v2\/wp-content\/uploads\/2025\/08\/7.jpg 1600w\" sizes=\"(max-width: 561px) 100vw, 561px\" alt=\"\">\r\n                            <\/a>\r\n                            \r\n                        <\/figure>\r\n                    <\/div>\r\n                            <\/div>\r\n                        <\/div>\r\n\r\n                        <div class = \"td-doubleSlider-2\">\r\n                            <div class = \"td-slider\">\r\n                                \r\n                    <div class = \"td-button td-item1\">\r\n                        <div class = \"td-border\"><\/div>\r\n                    <\/div>\r\n                    <div class = \"td-button td-item2\">\r\n                        <div class = \"td-border\"><\/div>\r\n                    <\/div>\r\n                    <div class = \"td-button td-item3\">\r\n                        <div class = \"td-border\"><\/div>\r\n                    <\/div>\r\n                    <div class = \"td-button td-item4\">\r\n                        <div class = \"td-border\"><\/div>\r\n                    <\/div>\r\n                    <div class = \"td-button td-item5\">\r\n                        <div class = \"td-border\"><\/div>\r\n                    <\/div>\r\n                    <div class = \"td-button td-item6\">\r\n                        <div class = \"td-border\"><\/div>\r\n                    <\/div>\r\n                            <\/div>\r\n                        <\/div>\r\n\r\n                    <\/div>\r\n\r\n                <\/div>\r\n                \n<p>&nbsp;<\/p>\n<p>Ricardo Maia\/Ascom<\/p>\n<p>Fotos: Ricardo Maia<\/p>\n<p>&nbsp;<\/p>\n<p>&nbsp;<\/p>\n<p>&nbsp;<\/p>\n<p>&nbsp;<\/p>\n<p>&nbsp;<\/p>\n<p>&nbsp;<\/p>\n<p>&nbsp;<\/p>\n","protected":false},"excerpt":{"rendered":"<p>A previs\u00e3o \u00e9 de um or\u00e7amento de 115 milh\u00f5es para o ano que vem Implanta\u00e7\u00e3o de um polo industrial, cria\u00e7\u00e3o de uma guarda mirim, estas foram algumas das propostas apresentadas, nesta sexta-feira (15), na audi\u00eancia p\u00fablica promovida pelo Prefeitura de Bandeirantes para debater a Lei de Diretrizes Or\u00e7ament\u00e1rias (LDO) e a Lei Or\u00e7amentaria Anual (LOA) [&hellip;]<\/p>\n","protected":false},"author":25,"featured_media":23530,"comment_status":"closed","ping_status":"closed","sticky":false,"template":"","format":"standard","meta":{"footnotes":""},"categories":[3,12,8,13,11],"tags":[],"class_list":["post-23526","post","type-post","status-publish","format-standard","has-post-thumbnail","hentry","category-administracao","category-destaques","category-fazenda","category-governo","category-prefeito"],"yoast_head":"<!-- This site is optimized with the Yoast SEO plugin v28.4 - https:\/\/yoast.com\/product\/yoast-seo-wordpress\/ -->\n<title>Audi\u00eancia P\u00fablica discutiu or\u00e7amento municipal para 2026 - Prefeitura Municipal de Bandeirantes<\/title>\n<meta name=\"robots\" content=\"index, follow, max-snippet:-1, max-image-preview:large, max-video-preview:-1\" \/>\n<link rel=\"canonical\" href=\"https:\/\/bandeirantes.ms.gov.br\/v2\/2025\/08\/15\/audiencia-publica-discutiu-orcamento-municipal-de-bandeirantes-para-2026\/\" \/>\n<meta property=\"og:locale\" content=\"pt_BR\" \/>\n<meta property=\"og:type\" content=\"article\" \/>\n<meta property=\"og:title\" content=\"Audi\u00eancia P\u00fablica discutiu or\u00e7amento municipal para 2026 - Prefeitura Municipal de Bandeirantes\" \/>\n<meta property=\"og:description\" content=\"A previs\u00e3o \u00e9 de um or\u00e7amento de 115 milh\u00f5es para o ano que vem Implanta\u00e7\u00e3o de um polo industrial, cria\u00e7\u00e3o de uma guarda mirim, estas foram algumas das propostas apresentadas, nesta sexta-feira (15), na audi\u00eancia p\u00fablica promovida pelo Prefeitura de Bandeirantes para debater a Lei de Diretrizes Or\u00e7ament\u00e1rias (LDO) e a Lei Or\u00e7amentaria Anual (LOA) [&hellip;]\" \/>\n<meta property=\"og:url\" content=\"https:\/\/bandeirantes.ms.gov.br\/v2\/2025\/08\/15\/audiencia-publica-discutiu-orcamento-municipal-de-bandeirantes-para-2026\/\" \/>\n<meta property=\"og:site_name\" content=\"Prefeitura Municipal de Bandeirantes\" \/>\n<meta property=\"article:published_time\" content=\"2025-08-15T23:08:00+00:00\" \/>\n<meta property=\"article:modified_time\" content=\"2025-08-16T00:21:04+00:00\" \/>\n<meta property=\"og:image\" content=\"https:\/\/bandeirantes.ms.gov.br\/v2\/wp-content\/uploads\/2025\/08\/Foto-prefeito-audiencia-lda-loa-e1755297948308.jpg\" \/>\n\t<meta property=\"og:image:width\" content=\"1600\" \/>\n\t<meta property=\"og:image:height\" content=\"1150\" \/>\n\t<meta property=\"og:image:type\" content=\"image\/jpeg\" \/>\n<meta name=\"author\" content=\"Ricardo Maia dos Santos\" \/>\n<meta name=\"twitter:card\" content=\"summary_large_image\" \/>\n<meta name=\"twitter:label1\" content=\"Escrito por\" \/>\n\t<meta name=\"twitter:data1\" content=\"Ricardo Maia dos Santos\" \/>\n\t<meta name=\"twitter:label2\" content=\"Est. tempo de leitura\" \/>\n\t<meta name=\"twitter:data2\" content=\"3 minutos\" \/>\n<script type=\"application\/ld+json\" class=\"yoast-schema-graph\">{\"@context\":\"https:\\\/\\\/schema.org\",\"@graph\":[{\"@type\":\"Article\",\"@id\":\"https:\\\/\\\/bandeirantes.ms.gov.br\\\/v2\\\/2025\\\/08\\\/15\\\/audiencia-publica-discutiu-orcamento-municipal-de-bandeirantes-para-2026\\\/#article\",\"isPartOf\":{\"@id\":\"https:\\\/\\\/bandeirantes.ms.gov.br\\\/v2\\\/2025\\\/08\\\/15\\\/audiencia-publica-discutiu-orcamento-municipal-de-bandeirantes-para-2026\\\/\"},\"author\":{\"name\":\"Ricardo Maia dos Santos\",\"@id\":\"https:\\\/\\\/bandeirantes.ms.gov.br\\\/v2\\\/#\\\/schema\\\/person\\\/e06b729eb768fe37755c803a6c80d615\"},\"headline\":\"Audi\u00eancia P\u00fablica discutiu or\u00e7amento municipal para 2026\",\"datePublished\":\"2025-08-15T23:08:00+00:00\",\"dateModified\":\"2025-08-16T00:21:04+00:00\",\"mainEntityOfPage\":{\"@id\":\"https:\\\/\\\/bandeirantes.ms.gov.br\\\/v2\\\/2025\\\/08\\\/15\\\/audiencia-publica-discutiu-orcamento-municipal-de-bandeirantes-para-2026\\\/\"},\"wordCount\":537,\"publisher\":{\"@id\":\"https:\\\/\\\/bandeirantes.ms.gov.br\\\/v2\\\/#organization\"},\"image\":{\"@id\":\"https:\\\/\\\/bandeirantes.ms.gov.br\\\/v2\\\/2025\\\/08\\\/15\\\/audiencia-publica-discutiu-orcamento-municipal-de-bandeirantes-para-2026\\\/#primaryimage\"},\"thumbnailUrl\":\"https:\\\/\\\/bandeirantes.ms.gov.br\\\/v2\\\/wp-content\\\/uploads\\\/2025\\\/08\\\/Foto-prefeito-audiencia-lda-loa-e1755297948308.jpg\",\"articleSection\":[\"ADMINISTRA\u00c7\u00c3O\",\"DESTAQUES\",\"FAZENDA\",\"GOVERNO\",\"PREFEITO\"],\"inLanguage\":\"pt-BR\"},{\"@type\":\"WebPage\",\"@id\":\"https:\\\/\\\/bandeirantes.ms.gov.br\\\/v2\\\/2025\\\/08\\\/15\\\/audiencia-publica-discutiu-orcamento-municipal-de-bandeirantes-para-2026\\\/\",\"url\":\"https:\\\/\\\/bandeirantes.ms.gov.br\\\/v2\\\/2025\\\/08\\\/15\\\/audiencia-publica-discutiu-orcamento-municipal-de-bandeirantes-para-2026\\\/\",\"name\":\"Audi\u00eancia P\u00fablica discutiu or\u00e7amento municipal para 2026 - Prefeitura Municipal de Bandeirantes\",\"isPartOf\":{\"@id\":\"https:\\\/\\\/bandeirantes.ms.gov.br\\\/v2\\\/#website\"},\"primaryImageOfPage\":{\"@id\":\"https:\\\/\\\/bandeirantes.ms.gov.br\\\/v2\\\/2025\\\/08\\\/15\\\/audiencia-publica-discutiu-orcamento-municipal-de-bandeirantes-para-2026\\\/#primaryimage\"},\"image\":{\"@id\":\"https:\\\/\\\/bandeirantes.ms.gov.br\\\/v2\\\/2025\\\/08\\\/15\\\/audiencia-publica-discutiu-orcamento-municipal-de-bandeirantes-para-2026\\\/#primaryimage\"},\"thumbnailUrl\":\"https:\\\/\\\/bandeirantes.ms.gov.br\\\/v2\\\/wp-content\\\/uploads\\\/2025\\\/08\\\/Foto-prefeito-audiencia-lda-loa-e1755297948308.jpg\",\"datePublished\":\"2025-08-15T23:08:00+00:00\",\"dateModified\":\"2025-08-16T00:21:04+00:00\",\"breadcrumb\":{\"@id\":\"https:\\\/\\\/bandeirantes.ms.gov.br\\\/v2\\\/2025\\\/08\\\/15\\\/audiencia-publica-discutiu-orcamento-municipal-de-bandeirantes-para-2026\\\/#breadcrumb\"},\"inLanguage\":\"pt-BR\",\"potentialAction\":[{\"@type\":\"ReadAction\",\"target\":[\"https:\\\/\\\/bandeirantes.ms.gov.br\\\/v2\\\/2025\\\/08\\\/15\\\/audiencia-publica-discutiu-orcamento-municipal-de-bandeirantes-para-2026\\\/\"]}]},{\"@type\":\"ImageObject\",\"inLanguage\":\"pt-BR\",\"@id\":\"https:\\\/\\\/bandeirantes.ms.gov.br\\\/v2\\\/2025\\\/08\\\/15\\\/audiencia-publica-discutiu-orcamento-municipal-de-bandeirantes-para-2026\\\/#primaryimage\",\"url\":\"https:\\\/\\\/bandeirantes.ms.gov.br\\\/v2\\\/wp-content\\\/uploads\\\/2025\\\/08\\\/Foto-prefeito-audiencia-lda-loa-e1755297948308.jpg\",\"contentUrl\":\"https:\\\/\\\/bandeirantes.ms.gov.br\\\/v2\\\/wp-content\\\/uploads\\\/2025\\\/08\\\/Foto-prefeito-audiencia-lda-loa-e1755297948308.jpg\",\"width\":1600,\"height\":1150},{\"@type\":\"BreadcrumbList\",\"@id\":\"https:\\\/\\\/bandeirantes.ms.gov.br\\\/v2\\\/2025\\\/08\\\/15\\\/audiencia-publica-discutiu-orcamento-municipal-de-bandeirantes-para-2026\\\/#breadcrumb\",\"itemListElement\":[{\"@type\":\"ListItem\",\"position\":1,\"name\":\"In\u00edcio\",\"item\":\"https:\\\/\\\/bandeirantes.ms.gov.br\\\/v2\\\/\"},{\"@type\":\"ListItem\",\"position\":2,\"name\":\"Audi\u00eancia P\u00fablica discutiu or\u00e7amento municipal para 2026\"}]},{\"@type\":\"WebSite\",\"@id\":\"https:\\\/\\\/bandeirantes.ms.gov.br\\\/v2\\\/#website\",\"url\":\"https:\\\/\\\/bandeirantes.ms.gov.br\\\/v2\\\/\",\"name\":\"Prefeitura Municipal de Bandeirantes\",\"description\":\"Poder Executivo\",\"publisher\":{\"@id\":\"https:\\\/\\\/bandeirantes.ms.gov.br\\\/v2\\\/#organization\"},\"potentialAction\":[{\"@type\":\"SearchAction\",\"target\":{\"@type\":\"EntryPoint\",\"urlTemplate\":\"https:\\\/\\\/bandeirantes.ms.gov.br\\\/v2\\\/?s={search_term_string}\"},\"query-input\":{\"@type\":\"PropertyValueSpecification\",\"valueRequired\":true,\"valueName\":\"search_term_string\"}}],\"inLanguage\":\"pt-BR\"},{\"@type\":\"Organization\",\"@id\":\"https:\\\/\\\/bandeirantes.ms.gov.br\\\/v2\\\/#organization\",\"name\":\"Prefeitura Municipal de Bandeirantes\",\"url\":\"https:\\\/\\\/bandeirantes.ms.gov.br\\\/v2\\\/\",\"logo\":{\"@type\":\"ImageObject\",\"inLanguage\":\"pt-BR\",\"@id\":\"https:\\\/\\\/bandeirantes.ms.gov.br\\\/v2\\\/#\\\/schema\\\/logo\\\/image\\\/\",\"url\":\"https:\\\/\\\/bandeirantes.ms.gov.br\\\/v2\\\/wp-content\\\/uploads\\\/2025\\\/09\\\/PMBand-Logo358x60.png\",\"contentUrl\":\"https:\\\/\\\/bandeirantes.ms.gov.br\\\/v2\\\/wp-content\\\/uploads\\\/2025\\\/09\\\/PMBand-Logo358x60.png\",\"width\":358,\"height\":60,\"caption\":\"Prefeitura Municipal de Bandeirantes\"},\"image\":{\"@id\":\"https:\\\/\\\/bandeirantes.ms.gov.br\\\/v2\\\/#\\\/schema\\\/logo\\\/image\\\/\"}},{\"@type\":\"Person\",\"@id\":\"https:\\\/\\\/bandeirantes.ms.gov.br\\\/v2\\\/#\\\/schema\\\/person\\\/e06b729eb768fe37755c803a6c80d615\",\"name\":\"Ricardo Maia dos Santos\",\"image\":{\"@type\":\"ImageObject\",\"inLanguage\":\"pt-BR\",\"@id\":\"https:\\\/\\\/secure.gravatar.com\\\/avatar\\\/57d668758b00cf696b1b99749d96240ce32bd24e516f1482910a3d16d8069f71?s=96&d=mm&r=g\",\"url\":\"https:\\\/\\\/secure.gravatar.com\\\/avatar\\\/57d668758b00cf696b1b99749d96240ce32bd24e516f1482910a3d16d8069f71?s=96&d=mm&r=g\",\"contentUrl\":\"https:\\\/\\\/secure.gravatar.com\\\/avatar\\\/57d668758b00cf696b1b99749d96240ce32bd24e516f1482910a3d16d8069f71?s=96&d=mm&r=g\",\"caption\":\"Ricardo Maia dos Santos\"},\"url\":\"https:\\\/\\\/bandeirantes.ms.gov.br\\\/v2\\\/author\\\/ripps23hotmail-com\\\/\"}]}<\/script>\n<!-- \/ Yoast SEO plugin. -->","yoast_head_json":{"title":"Audi\u00eancia P\u00fablica discutiu or\u00e7amento municipal para 2026 - Prefeitura Municipal de Bandeirantes","robots":{"index":"index","follow":"follow","max-snippet":"max-snippet:-1","max-image-preview":"max-image-preview:large","max-video-preview":"max-video-preview:-1"},"canonical":"https:\/\/bandeirantes.ms.gov.br\/v2\/2025\/08\/15\/audiencia-publica-discutiu-orcamento-municipal-de-bandeirantes-para-2026\/","og_locale":"pt_BR","og_type":"article","og_title":"Audi\u00eancia P\u00fablica discutiu or\u00e7amento municipal para 2026 - Prefeitura Municipal de Bandeirantes","og_description":"A previs\u00e3o \u00e9 de um or\u00e7amento de 115 milh\u00f5es para o ano que vem Implanta\u00e7\u00e3o de um polo industrial, cria\u00e7\u00e3o de uma guarda mirim, estas foram algumas das propostas apresentadas, nesta sexta-feira (15), na audi\u00eancia p\u00fablica promovida pelo Prefeitura de Bandeirantes para debater a Lei de Diretrizes Or\u00e7ament\u00e1rias (LDO) e a Lei Or\u00e7amentaria Anual (LOA) [&hellip;]","og_url":"https:\/\/bandeirantes.ms.gov.br\/v2\/2025\/08\/15\/audiencia-publica-discutiu-orcamento-municipal-de-bandeirantes-para-2026\/","og_site_name":"Prefeitura Municipal de Bandeirantes","article_published_time":"2025-08-15T23:08:00+00:00","article_modified_time":"2025-08-16T00:21:04+00:00","og_image":[{"width":1600,"height":1150,"url":"https:\/\/bandeirantes.ms.gov.br\/v2\/wp-content\/uploads\/2025\/08\/Foto-prefeito-audiencia-lda-loa-e1755297948308.jpg","type":"image\/jpeg"}],"author":"Ricardo Maia dos Santos","twitter_card":"summary_large_image","twitter_misc":{"Escrito por":"Ricardo Maia dos Santos","Est. tempo de leitura":"3 minutos"},"schema":{"@context":"https:\/\/schema.org","@graph":[{"@type":"Article","@id":"https:\/\/bandeirantes.ms.gov.br\/v2\/2025\/08\/15\/audiencia-publica-discutiu-orcamento-municipal-de-bandeirantes-para-2026\/#article","isPartOf":{"@id":"https:\/\/bandeirantes.ms.gov.br\/v2\/2025\/08\/15\/audiencia-publica-discutiu-orcamento-municipal-de-bandeirantes-para-2026\/"},"author":{"name":"Ricardo Maia dos Santos","@id":"https:\/\/bandeirantes.ms.gov.br\/v2\/#\/schema\/person\/e06b729eb768fe37755c803a6c80d615"},"headline":"Audi\u00eancia P\u00fablica discutiu or\u00e7amento municipal para 2026","datePublished":"2025-08-15T23:08:00+00:00","dateModified":"2025-08-16T00:21:04+00:00","mainEntityOfPage":{"@id":"https:\/\/bandeirantes.ms.gov.br\/v2\/2025\/08\/15\/audiencia-publica-discutiu-orcamento-municipal-de-bandeirantes-para-2026\/"},"wordCount":537,"publisher":{"@id":"https:\/\/bandeirantes.ms.gov.br\/v2\/#organization"},"image":{"@id":"https:\/\/bandeirantes.ms.gov.br\/v2\/2025\/08\/15\/audiencia-publica-discutiu-orcamento-municipal-de-bandeirantes-para-2026\/#primaryimage"},"thumbnailUrl":"https:\/\/bandeirantes.ms.gov.br\/v2\/wp-content\/uploads\/2025\/08\/Foto-prefeito-audiencia-lda-loa-e1755297948308.jpg","articleSection":["ADMINISTRA\u00c7\u00c3O","DESTAQUES","FAZENDA","GOVERNO","PREFEITO"],"inLanguage":"pt-BR"},{"@type":"WebPage","@id":"https:\/\/bandeirantes.ms.gov.br\/v2\/2025\/08\/15\/audiencia-publica-discutiu-orcamento-municipal-de-bandeirantes-para-2026\/","url":"https:\/\/bandeirantes.ms.gov.br\/v2\/2025\/08\/15\/audiencia-publica-discutiu-orcamento-municipal-de-bandeirantes-para-2026\/","name":"Audi\u00eancia P\u00fablica discutiu or\u00e7amento municipal para 2026 - Prefeitura Municipal de Bandeirantes","isPartOf":{"@id":"https:\/\/bandeirantes.ms.gov.br\/v2\/#website"},"primaryImageOfPage":{"@id":"https:\/\/bandeirantes.ms.gov.br\/v2\/2025\/08\/15\/audiencia-publica-discutiu-orcamento-municipal-de-bandeirantes-para-2026\/#primaryimage"},"image":{"@id":"https:\/\/bandeirantes.ms.gov.br\/v2\/2025\/08\/15\/audiencia-publica-discutiu-orcamento-municipal-de-bandeirantes-para-2026\/#primaryimage"},"thumbnailUrl":"https:\/\/bandeirantes.ms.gov.br\/v2\/wp-content\/uploads\/2025\/08\/Foto-prefeito-audiencia-lda-loa-e1755297948308.jpg","datePublished":"2025-08-15T23:08:00+00:00","dateModified":"2025-08-16T00:21:04+00:00","breadcrumb":{"@id":"https:\/\/bandeirantes.ms.gov.br\/v2\/2025\/08\/15\/audiencia-publica-discutiu-orcamento-municipal-de-bandeirantes-para-2026\/#breadcrumb"},"inLanguage":"pt-BR","potentialAction":[{"@type":"ReadAction","target":["https:\/\/bandeirantes.ms.gov.br\/v2\/2025\/08\/15\/audiencia-publica-discutiu-orcamento-municipal-de-bandeirantes-para-2026\/"]}]},{"@type":"ImageObject","inLanguage":"pt-BR","@id":"https:\/\/bandeirantes.ms.gov.br\/v2\/2025\/08\/15\/audiencia-publica-discutiu-orcamento-municipal-de-bandeirantes-para-2026\/#primaryimage","url":"https:\/\/bandeirantes.ms.gov.br\/v2\/wp-content\/uploads\/2025\/08\/Foto-prefeito-audiencia-lda-loa-e1755297948308.jpg","contentUrl":"https:\/\/bandeirantes.ms.gov.br\/v2\/wp-content\/uploads\/2025\/08\/Foto-prefeito-audiencia-lda-loa-e1755297948308.jpg","width":1600,"height":1150},{"@type":"BreadcrumbList","@id":"https:\/\/bandeirantes.ms.gov.br\/v2\/2025\/08\/15\/audiencia-publica-discutiu-orcamento-municipal-de-bandeirantes-para-2026\/#breadcrumb","itemListElement":[{"@type":"ListItem","position":1,"name":"In\u00edcio","item":"https:\/\/bandeirantes.ms.gov.br\/v2\/"},{"@type":"ListItem","position":2,"name":"Audi\u00eancia P\u00fablica discutiu or\u00e7amento municipal para 2026"}]},{"@type":"WebSite","@id":"https:\/\/bandeirantes.ms.gov.br\/v2\/#website","url":"https:\/\/bandeirantes.ms.gov.br\/v2\/","name":"Prefeitura Municipal de Bandeirantes","description":"Poder Executivo","publisher":{"@id":"https:\/\/bandeirantes.ms.gov.br\/v2\/#organization"},"potentialAction":[{"@type":"SearchAction","target":{"@type":"EntryPoint","urlTemplate":"https:\/\/bandeirantes.ms.gov.br\/v2\/?s={search_term_string}"},"query-input":{"@type":"PropertyValueSpecification","valueRequired":true,"valueName":"search_term_string"}}],"inLanguage":"pt-BR"},{"@type":"Organization","@id":"https:\/\/bandeirantes.ms.gov.br\/v2\/#organization","name":"Prefeitura Municipal de Bandeirantes","url":"https:\/\/bandeirantes.ms.gov.br\/v2\/","logo":{"@type":"ImageObject","inLanguage":"pt-BR","@id":"https:\/\/bandeirantes.ms.gov.br\/v2\/#\/schema\/logo\/image\/","url":"https:\/\/bandeirantes.ms.gov.br\/v2\/wp-content\/uploads\/2025\/09\/PMBand-Logo358x60.png","contentUrl":"https:\/\/bandeirantes.ms.gov.br\/v2\/wp-content\/uploads\/2025\/09\/PMBand-Logo358x60.png","width":358,"height":60,"caption":"Prefeitura Municipal de Bandeirantes"},"image":{"@id":"https:\/\/bandeirantes.ms.gov.br\/v2\/#\/schema\/logo\/image\/"}},{"@type":"Person","@id":"https:\/\/bandeirantes.ms.gov.br\/v2\/#\/schema\/person\/e06b729eb768fe37755c803a6c80d615","name":"Ricardo Maia dos Santos","image":{"@type":"ImageObject","inLanguage":"pt-BR","@id":"https:\/\/secure.gravatar.com\/avatar\/57d668758b00cf696b1b99749d96240ce32bd24e516f1482910a3d16d8069f71?s=96&d=mm&r=g","url":"https:\/\/secure.gravatar.com\/avatar\/57d668758b00cf696b1b99749d96240ce32bd24e516f1482910a3d16d8069f71?s=96&d=mm&r=g","contentUrl":"https:\/\/secure.gravatar.com\/avatar\/57d668758b00cf696b1b99749d96240ce32bd24e516f1482910a3d16d8069f71?s=96&d=mm&r=g","caption":"Ricardo Maia dos Santos"},"url":"https:\/\/bandeirantes.ms.gov.br\/v2\/author\/ripps23hotmail-com\/"}]}},"_links":{"self":[{"href":"https:\/\/bandeirantes.ms.gov.br\/v2\/wp-json\/wp\/v2\/posts\/23526","targetHints":{"allow":["GET"]}}],"collection":[{"href":"https:\/\/bandeirantes.ms.gov.br\/v2\/wp-json\/wp\/v2\/posts"}],"about":[{"href":"https:\/\/bandeirantes.ms.gov.br\/v2\/wp-json\/wp\/v2\/types\/post"}],"author":[{"embeddable":true,"href":"https:\/\/bandeirantes.ms.gov.br\/v2\/wp-json\/wp\/v2\/users\/25"}],"replies":[{"embeddable":true,"href":"https:\/\/bandeirantes.ms.gov.br\/v2\/wp-json\/wp\/v2\/comments?post=23526"}],"version-history":[{"count":4,"href":"https:\/\/bandeirantes.ms.gov.br\/v2\/wp-json\/wp\/v2\/posts\/23526\/revisions"}],"predecessor-version":[{"id":23545,"href":"https:\/\/bandeirantes.ms.gov.br\/v2\/wp-json\/wp\/v2\/posts\/23526\/revisions\/23545"}],"wp:featuredmedia":[{"embeddable":true,"href":"https:\/\/bandeirantes.ms.gov.br\/v2\/wp-json\/wp\/v2\/media\/23530"}],"wp:attachment":[{"href":"https:\/\/bandeirantes.ms.gov.br\/v2\/wp-json\/wp\/v2\/media?parent=23526"}],"wp:term":[{"taxonomy":"category","embeddable":true,"href":"https:\/\/bandeirantes.ms.gov.br\/v2\/wp-json\/wp\/v2\/categories?post=23526"},{"taxonomy":"post_tag","embeddable":true,"href":"https:\/\/bandeirantes.ms.gov.br\/v2\/wp-json\/wp\/v2\/tags?post=23526"}],"curies":[{"name":"wp","href":"https:\/\/api.w.org\/{rel}","templated":true}]}}