{"id":21890,"date":"2024-10-08T07:36:45","date_gmt":"2024-10-08T11:36:45","guid":{"rendered":"https:\/\/bandeirantes.ms.gov.br\/v2\/?p=21890"},"modified":"2024-10-08T07:39:11","modified_gmt":"2024-10-08T11:39:11","slug":"temperatura-pode-chegar-aos-39o-em-bandeirantes-nesta-terca-feira-em-bandeirantes","status":"publish","type":"post","link":"https:\/\/bandeirantes.ms.gov.br\/v2\/2024\/10\/08\/temperatura-pode-chegar-aos-39o-em-bandeirantes-nesta-terca-feira-em-bandeirantes\/","title":{"rendered":"Temperatura pode chegar aos 39\u00ba em Bandeirantes nesta ter\u00e7a-feira"},"content":{"rendered":"<p>A temperatura continua alta nesta ter\u00e7a-feira (8) em Bandeirantes. Segundo o Inmet (Instituto Nacional de Meteorologia) a m\u00ednima prevista para hoje \u00e9 de 24\u00ba e a m\u00e1xima atinge os 39\u00ba. O c\u00e9u deve ficar encoberto por fuma\u00e7a sob efeito das queimadas no estado. De acordo com o Climatempo existe uma pequena possibilidade de chuva (20%) no per\u00edodo da tarde. A umidade continua baixa, por isso a import\u00e2ncia de redobrar os cuidados com a hidrata\u00e7\u00e3o corporal.<\/p>\n<p>Ricardo Maia \/ Asscom<\/p>\n<p>&nbsp;<\/p>\n","protected":false},"excerpt":{"rendered":"<p>A temperatura continua alta nesta ter\u00e7a-feira (8) em Bandeirantes. Segundo o Inmet (Instituto Nacional de Meteorologia) a m\u00ednima prevista para hoje \u00e9 de 24\u00ba e a m\u00e1xima atinge os 39\u00ba. O c\u00e9u deve ficar encoberto por fuma\u00e7a sob efeito das queimadas no estado. De acordo com o Climatempo existe uma pequena possibilidade de chuva (20%) [&hellip;]<\/p>\n","protected":false},"author":25,"featured_media":21584,"comment_status":"closed","ping_status":"closed","sticky":false,"template":"","format":"standard","meta":{"footnotes":""},"categories":[12],"tags":[],"class_list":["post-21890","post","type-post","status-publish","format-standard","has-post-thumbnail","hentry","category-destaques"],"_links":{"self":[{"href":"https:\/\/bandeirantes.ms.gov.br\/v2\/wp-json\/wp\/v2\/posts\/21890","targetHints":{"allow":["GET"]}}],"collection":[{"href":"https:\/\/bandeirantes.ms.gov.br\/v2\/wp-json\/wp\/v2\/posts"}],"about":[{"href":"https:\/\/bandeirantes.ms.gov.br\/v2\/wp-json\/wp\/v2\/types\/post"}],"author":[{"embeddable":true,"href":"https:\/\/bandeirantes.ms.gov.br\/v2\/wp-json\/wp\/v2\/users\/25"}],"replies":[{"embeddable":true,"href":"https:\/\/bandeirantes.ms.gov.br\/v2\/wp-json\/wp\/v2\/comments?post=21890"}],"version-history":[{"count":2,"href":"https:\/\/bandeirantes.ms.gov.br\/v2\/wp-json\/wp\/v2\/posts\/21890\/revisions"}],"predecessor-version":[{"id":21892,"href":"https:\/\/bandeirantes.ms.gov.br\/v2\/wp-json\/wp\/v2\/posts\/21890\/revisions\/21892"}],"wp:featuredmedia":[{"embeddable":true,"href":"https:\/\/bandeirantes.ms.gov.br\/v2\/wp-json\/wp\/v2\/media\/21584"}],"wp:attachment":[{"href":"https:\/\/bandeirantes.ms.gov.br\/v2\/wp-json\/wp\/v2\/media?parent=21890"}],"wp:term":[{"taxonomy":"category","embeddable":true,"href":"https:\/\/bandeirantes.ms.gov.br\/v2\/wp-json\/wp\/v2\/categories?post=21890"},{"taxonomy":"post_tag","embeddable":true,"href":"https:\/\/bandeirantes.ms.gov.br\/v2\/wp-json\/wp\/v2\/tags?post=21890"}],"curies":[{"name":"wp","href":"https:\/\/api.w.org\/{rel}","templated":true}]}}