{"id":21600,"date":"2024-05-28T08:44:01","date_gmt":"2024-05-28T12:44:01","guid":{"rendered":"https:\/\/bandeirantes.ms.gov.br\/v2\/?p=21600"},"modified":"2024-10-07T10:36:57","modified_gmt":"2024-10-07T14:36:57","slug":"frio-aumenta-e-bandeirantes-deve-registrar-temperatura-mais-baixa-do-ano","status":"publish","type":"post","link":"https:\/\/bandeirantes.ms.gov.br\/v2\/2024\/05\/28\/frio-aumenta-e-bandeirantes-deve-registrar-temperatura-mais-baixa-do-ano\/","title":{"rendered":"Frio aumenta e Bandeirantes deve registrar temperatura mais baixa do ano"},"content":{"rendered":"<p>O frio chegou mais cedo e Bandeirantes deve registrar a temperatura mais baixa do ano por dois dias seguidos. Segundo o Inmet (Instituto Nacional de Meteorologia) a m\u00ednima prevista para hoje (28) \u00e9 de 10\u00ba, com m\u00e1xima de 22\u00ba. O c\u00e9u deve permanecer com muitas nuvens e n\u00e3o h\u00e1 previs\u00e3o de chuva. Para amanh\u00e3 (29) a previs\u00e3o \u00e9 de m\u00ednima de 8\u00ba.<\/p>\n<p>Ricardo Maia \/ Asscom<\/p>\n","protected":false},"excerpt":{"rendered":"<p>O frio chegou mais cedo e Bandeirantes deve registrar a temperatura mais baixa do ano por dois dias seguidos. Segundo o Inmet (Instituto Nacional de Meteorologia) a m\u00ednima prevista para hoje (28) \u00e9 de 10\u00ba, com m\u00e1xima de 22\u00ba. O c\u00e9u deve permanecer com muitas nuvens e n\u00e3o h\u00e1 previs\u00e3o de chuva. Para amanh\u00e3 (29) [&hellip;]<\/p>\n","protected":false},"author":25,"featured_media":17009,"comment_status":"closed","ping_status":"closed","sticky":false,"template":"","format":"standard","meta":{"footnotes":""},"categories":[12],"tags":[],"class_list":["post-21600","post","type-post","status-publish","format-standard","has-post-thumbnail","hentry","category-destaques"],"_links":{"self":[{"href":"https:\/\/bandeirantes.ms.gov.br\/v2\/wp-json\/wp\/v2\/posts\/21600","targetHints":{"allow":["GET"]}}],"collection":[{"href":"https:\/\/bandeirantes.ms.gov.br\/v2\/wp-json\/wp\/v2\/posts"}],"about":[{"href":"https:\/\/bandeirantes.ms.gov.br\/v2\/wp-json\/wp\/v2\/types\/post"}],"author":[{"embeddable":true,"href":"https:\/\/bandeirantes.ms.gov.br\/v2\/wp-json\/wp\/v2\/users\/25"}],"replies":[{"embeddable":true,"href":"https:\/\/bandeirantes.ms.gov.br\/v2\/wp-json\/wp\/v2\/comments?post=21600"}],"version-history":[{"count":1,"href":"https:\/\/bandeirantes.ms.gov.br\/v2\/wp-json\/wp\/v2\/posts\/21600\/revisions"}],"predecessor-version":[{"id":21601,"href":"https:\/\/bandeirantes.ms.gov.br\/v2\/wp-json\/wp\/v2\/posts\/21600\/revisions\/21601"}],"wp:featuredmedia":[{"embeddable":true,"href":"https:\/\/bandeirantes.ms.gov.br\/v2\/wp-json\/wp\/v2\/media\/17009"}],"wp:attachment":[{"href":"https:\/\/bandeirantes.ms.gov.br\/v2\/wp-json\/wp\/v2\/media?parent=21600"}],"wp:term":[{"taxonomy":"category","embeddable":true,"href":"https:\/\/bandeirantes.ms.gov.br\/v2\/wp-json\/wp\/v2\/categories?post=21600"},{"taxonomy":"post_tag","embeddable":true,"href":"https:\/\/bandeirantes.ms.gov.br\/v2\/wp-json\/wp\/v2\/tags?post=21600"}],"curies":[{"name":"wp","href":"https:\/\/api.w.org\/{rel}","templated":true}]}}