{"id":21583,"date":"2024-05-27T07:29:21","date_gmt":"2024-05-27T11:29:21","guid":{"rendered":"https:\/\/bandeirantes.ms.gov.br\/v2\/?p=21583"},"modified":"2024-10-07T10:36:59","modified_gmt":"2024-10-07T14:36:59","slug":"semana-comeca-com-frio-e-ceu-encoberto-em-bandeirantes","status":"publish","type":"post","link":"https:\/\/bandeirantes.ms.gov.br\/v2\/2024\/05\/27\/semana-comeca-com-frio-e-ceu-encoberto-em-bandeirantes\/","title":{"rendered":"Semana come\u00e7a com frio e c\u00e9u encoberto em Bandeirantes"},"content":{"rendered":"<p>Nesta segunda-feira (27) o tempo vai ficar inst\u00e1vel com neblina e c\u00e9u encoberto. O frio continua devido a frente fria que permanece no estado. Segundo o Inmet (Instituto Nacional de Meteorologia) a m\u00ednima prevista para hoje \u00e9 de 14\u00ba e a m\u00e1xima n\u00e3o passa de 20\u00ba.<\/p>\n<p>Ricardo Maia \/ Asscom<\/p>\n<p>&nbsp;<\/p>\n","protected":false},"excerpt":{"rendered":"<p>Nesta segunda-feira (27) o tempo vai ficar inst\u00e1vel com neblina e c\u00e9u encoberto. O frio continua devido a frente fria que permanece no estado. Segundo o Inmet (Instituto Nacional de Meteorologia) a m\u00ednima prevista para hoje \u00e9 de 14\u00ba e a m\u00e1xima n\u00e3o passa de 20\u00ba. Ricardo Maia \/ Asscom &nbsp;<\/p>\n","protected":false},"author":25,"featured_media":21584,"comment_status":"closed","ping_status":"closed","sticky":false,"template":"","format":"standard","meta":{"footnotes":""},"categories":[12],"tags":[],"class_list":["post-21583","post","type-post","status-publish","format-standard","has-post-thumbnail","hentry","category-destaques"],"_links":{"self":[{"href":"https:\/\/bandeirantes.ms.gov.br\/v2\/wp-json\/wp\/v2\/posts\/21583","targetHints":{"allow":["GET"]}}],"collection":[{"href":"https:\/\/bandeirantes.ms.gov.br\/v2\/wp-json\/wp\/v2\/posts"}],"about":[{"href":"https:\/\/bandeirantes.ms.gov.br\/v2\/wp-json\/wp\/v2\/types\/post"}],"author":[{"embeddable":true,"href":"https:\/\/bandeirantes.ms.gov.br\/v2\/wp-json\/wp\/v2\/users\/25"}],"replies":[{"embeddable":true,"href":"https:\/\/bandeirantes.ms.gov.br\/v2\/wp-json\/wp\/v2\/comments?post=21583"}],"version-history":[{"count":1,"href":"https:\/\/bandeirantes.ms.gov.br\/v2\/wp-json\/wp\/v2\/posts\/21583\/revisions"}],"predecessor-version":[{"id":21585,"href":"https:\/\/bandeirantes.ms.gov.br\/v2\/wp-json\/wp\/v2\/posts\/21583\/revisions\/21585"}],"wp:featuredmedia":[{"embeddable":true,"href":"https:\/\/bandeirantes.ms.gov.br\/v2\/wp-json\/wp\/v2\/media\/21584"}],"wp:attachment":[{"href":"https:\/\/bandeirantes.ms.gov.br\/v2\/wp-json\/wp\/v2\/media?parent=21583"}],"wp:term":[{"taxonomy":"category","embeddable":true,"href":"https:\/\/bandeirantes.ms.gov.br\/v2\/wp-json\/wp\/v2\/categories?post=21583"},{"taxonomy":"post_tag","embeddable":true,"href":"https:\/\/bandeirantes.ms.gov.br\/v2\/wp-json\/wp\/v2\/tags?post=21583"}],"curies":[{"name":"wp","href":"https:\/\/api.w.org\/{rel}","templated":true}]}}