{"id":21534,"date":"2024-05-17T12:50:41","date_gmt":"2024-05-17T16:50:41","guid":{"rendered":"https:\/\/bandeirantes.ms.gov.br\/v2\/?p=21534"},"modified":"2024-10-07T10:37:04","modified_gmt":"2024-10-07T14:37:04","slug":"fim-de-semana-tem-churrasco-beneficente-e-feira-do-produtor-em-bandeirantes","status":"publish","type":"post","link":"https:\/\/bandeirantes.ms.gov.br\/v2\/2024\/05\/17\/fim-de-semana-tem-churrasco-beneficente-e-feira-do-produtor-em-bandeirantes\/","title":{"rendered":"Fim de semana tem Churrasco Beneficente e Feira do Produtor em Bandeirantes"},"content":{"rendered":"<p>Neste final de semana, al\u00e9m da j\u00e1 tradicional Feira do Produtor tamb\u00e9m acontece Churrasco Beneficente em Bandeirantes, confira as atra\u00e7\u00f5es e programe seu s\u00e1bado e domingo.<\/p>\n<p>&nbsp;<\/p>\n<p><strong>S\u00e1bado<\/strong><\/p>\n<p>Feira do Produtor<\/p>\n<p>Hor\u00e1rio: 6 \u00e0s 11h<\/p>\n<p>Local: Pra\u00e7a Germiniano Ribeiro<\/p>\n<p>&nbsp;<\/p>\n<p><strong>Domingo<\/strong><\/p>\n<p>Churrasco Beneficente e Leil\u00e3o em Prol do Casa de Apoio do Chit\u00e3o<\/p>\n<p>Hor\u00e1rio: 11h<\/p>\n<p>Local: Clube Serradinho<\/p>\n<p>Atra\u00e7\u00f5es: Fernando Rique e Grupo Fama<\/p>\n<p>Entrada: R$ 25,00 e 1 quilo de alimento n\u00e3o perec\u00edvel (Levar pratos e talheres)<\/p>\n<p>&nbsp;<\/p>\n<p>Ricardo Maia \/ Asscom<\/p>\n<p>&nbsp;<\/p>\n","protected":false},"excerpt":{"rendered":"<p>Neste final de semana, al\u00e9m da j\u00e1 tradicional Feira do Produtor tamb\u00e9m acontece Churrasco Beneficente em Bandeirantes, confira as atra\u00e7\u00f5es e programe seu s\u00e1bado e domingo. &nbsp; S\u00e1bado Feira do Produtor Hor\u00e1rio: 6 \u00e0s 11h Local: Pra\u00e7a Germiniano Ribeiro &nbsp; Domingo Churrasco Beneficente e Leil\u00e3o em Prol do Casa de Apoio do Chit\u00e3o Hor\u00e1rio: 11h [&hellip;]<\/p>\n","protected":false},"author":25,"featured_media":21536,"comment_status":"closed","ping_status":"closed","sticky":false,"template":"","format":"standard","meta":{"footnotes":""},"categories":[126,12,11],"tags":[],"class_list":["post-21534","post","type-post","status-publish","format-standard","has-post-thumbnail","hentry","category-desenvolvimento-e-turismo","category-destaques","category-prefeito"],"_links":{"self":[{"href":"https:\/\/bandeirantes.ms.gov.br\/v2\/wp-json\/wp\/v2\/posts\/21534","targetHints":{"allow":["GET"]}}],"collection":[{"href":"https:\/\/bandeirantes.ms.gov.br\/v2\/wp-json\/wp\/v2\/posts"}],"about":[{"href":"https:\/\/bandeirantes.ms.gov.br\/v2\/wp-json\/wp\/v2\/types\/post"}],"author":[{"embeddable":true,"href":"https:\/\/bandeirantes.ms.gov.br\/v2\/wp-json\/wp\/v2\/users\/25"}],"replies":[{"embeddable":true,"href":"https:\/\/bandeirantes.ms.gov.br\/v2\/wp-json\/wp\/v2\/comments?post=21534"}],"version-history":[{"count":1,"href":"https:\/\/bandeirantes.ms.gov.br\/v2\/wp-json\/wp\/v2\/posts\/21534\/revisions"}],"predecessor-version":[{"id":21537,"href":"https:\/\/bandeirantes.ms.gov.br\/v2\/wp-json\/wp\/v2\/posts\/21534\/revisions\/21537"}],"wp:featuredmedia":[{"embeddable":true,"href":"https:\/\/bandeirantes.ms.gov.br\/v2\/wp-json\/wp\/v2\/media\/21536"}],"wp:attachment":[{"href":"https:\/\/bandeirantes.ms.gov.br\/v2\/wp-json\/wp\/v2\/media?parent=21534"}],"wp:term":[{"taxonomy":"category","embeddable":true,"href":"https:\/\/bandeirantes.ms.gov.br\/v2\/wp-json\/wp\/v2\/categories?post=21534"},{"taxonomy":"post_tag","embeddable":true,"href":"https:\/\/bandeirantes.ms.gov.br\/v2\/wp-json\/wp\/v2\/tags?post=21534"}],"curies":[{"name":"wp","href":"https:\/\/api.w.org\/{rel}","templated":true}]}}