{"id":21506,"date":"2024-05-16T07:17:38","date_gmt":"2024-05-16T11:17:38","guid":{"rendered":"https:\/\/bandeirantes.ms.gov.br\/v2\/?p=21506"},"modified":"2024-10-07T10:37:06","modified_gmt":"2024-10-07T14:37:06","slug":"apos-a-passagem-de-frente-fria-temperaturas-voltam-a-subir-em-bandeirantes-nesta-quinta-feira","status":"publish","type":"post","link":"https:\/\/bandeirantes.ms.gov.br\/v2\/2024\/05\/16\/apos-a-passagem-de-frente-fria-temperaturas-voltam-a-subir-em-bandeirantes-nesta-quinta-feira\/","title":{"rendered":"Ap\u00f3s a passagem de frente fria, temperaturas voltam a subir em Bandeirantes nesta quinta-feira"},"content":{"rendered":"<p>Nesta quinta-feira (16) o tempo deve permanecer firme, com varia\u00e7\u00e3o de nebulosidade e eleva\u00e7\u00e3o da temperatura, depois da passagem de uma frente fria pelo estado. Segundo o Inmet (Instituto Nacional de Meteorologia) a m\u00ednima prevista para hoje \u00e9 de 17\u00ba e a m\u00e1xima 34\u00ba.<\/p>\n","protected":false},"excerpt":{"rendered":"<p>Nesta quinta-feira (16) o tempo deve permanecer firme, com varia\u00e7\u00e3o de nebulosidade e eleva\u00e7\u00e3o da temperatura, depois da passagem de uma frente fria pelo estado. Segundo o Inmet (Instituto Nacional de Meteorologia) a m\u00ednima prevista para hoje \u00e9 de 17\u00ba e a m\u00e1xima 34\u00ba.<\/p>\n","protected":false},"author":25,"featured_media":16461,"comment_status":"closed","ping_status":"closed","sticky":false,"template":"","format":"standard","meta":{"footnotes":""},"categories":[12],"tags":[],"class_list":["post-21506","post","type-post","status-publish","format-standard","has-post-thumbnail","hentry","category-destaques"],"_links":{"self":[{"href":"https:\/\/bandeirantes.ms.gov.br\/v2\/wp-json\/wp\/v2\/posts\/21506","targetHints":{"allow":["GET"]}}],"collection":[{"href":"https:\/\/bandeirantes.ms.gov.br\/v2\/wp-json\/wp\/v2\/posts"}],"about":[{"href":"https:\/\/bandeirantes.ms.gov.br\/v2\/wp-json\/wp\/v2\/types\/post"}],"author":[{"embeddable":true,"href":"https:\/\/bandeirantes.ms.gov.br\/v2\/wp-json\/wp\/v2\/users\/25"}],"replies":[{"embeddable":true,"href":"https:\/\/bandeirantes.ms.gov.br\/v2\/wp-json\/wp\/v2\/comments?post=21506"}],"version-history":[{"count":1,"href":"https:\/\/bandeirantes.ms.gov.br\/v2\/wp-json\/wp\/v2\/posts\/21506\/revisions"}],"predecessor-version":[{"id":21507,"href":"https:\/\/bandeirantes.ms.gov.br\/v2\/wp-json\/wp\/v2\/posts\/21506\/revisions\/21507"}],"wp:featuredmedia":[{"embeddable":true,"href":"https:\/\/bandeirantes.ms.gov.br\/v2\/wp-json\/wp\/v2\/media\/16461"}],"wp:attachment":[{"href":"https:\/\/bandeirantes.ms.gov.br\/v2\/wp-json\/wp\/v2\/media?parent=21506"}],"wp:term":[{"taxonomy":"category","embeddable":true,"href":"https:\/\/bandeirantes.ms.gov.br\/v2\/wp-json\/wp\/v2\/categories?post=21506"},{"taxonomy":"post_tag","embeddable":true,"href":"https:\/\/bandeirantes.ms.gov.br\/v2\/wp-json\/wp\/v2\/tags?post=21506"}],"curies":[{"name":"wp","href":"https:\/\/api.w.org\/{rel}","templated":true}]}}