{"id":21404,"date":"2024-05-09T07:43:11","date_gmt":"2024-05-09T11:43:11","guid":{"rendered":"https:\/\/bandeirantes.ms.gov.br\/v2\/?p=21404"},"modified":"2024-10-07T10:37:12","modified_gmt":"2024-10-07T14:37:12","slug":"quinta-feira-sera-de-calor-e-variacao-de-nebulosidade-em-bandeirantes","status":"publish","type":"post","link":"https:\/\/bandeirantes.ms.gov.br\/v2\/2024\/05\/09\/quinta-feira-sera-de-calor-e-variacao-de-nebulosidade-em-bandeirantes\/","title":{"rendered":"Quinta-feira ser\u00e1 de calor e varia\u00e7\u00e3o de nebulosidade em Bandeirantes"},"content":{"rendered":"<p>Nesta quinta-feira (9) o tempo fica est\u00e1vel com varia\u00e7\u00e3o de nebulosidade e temperatura alta em Bandeirantes. O clima continua sendo influenciado pela onde de calor que continua afetando o estado. Segundo o Inmet (Instituto Nacional de Meteorologia)a m\u00ednima prevista para hoje \u00e9 de 23\u00ba e a m\u00e1xima de 36\u00ba.<\/p>\n<p>Continua o alerta de baixa umidade com possibilidade de \u00edndice de apenas 20%, por isso, \u00e9 necess\u00e1rio redobrar os cuidados coma hidrata\u00e7\u00e3o corporal.<\/p>\n<p>Ricardo Maia \/ Asscom<\/p>\n","protected":false},"excerpt":{"rendered":"<p>Nesta quinta-feira (9) o tempo fica est\u00e1vel com varia\u00e7\u00e3o de nebulosidade e temperatura alta em Bandeirantes. O clima continua sendo influenciado pela onde de calor que continua afetando o estado. Segundo o Inmet (Instituto Nacional de Meteorologia)a m\u00ednima prevista para hoje \u00e9 de 23\u00ba e a m\u00e1xima de 36\u00ba. Continua o alerta de baixa umidade [&hellip;]<\/p>\n","protected":false},"author":25,"featured_media":14020,"comment_status":"closed","ping_status":"closed","sticky":false,"template":"","format":"standard","meta":{"footnotes":""},"categories":[12],"tags":[],"class_list":["post-21404","post","type-post","status-publish","format-standard","has-post-thumbnail","hentry","category-destaques"],"_links":{"self":[{"href":"https:\/\/bandeirantes.ms.gov.br\/v2\/wp-json\/wp\/v2\/posts\/21404","targetHints":{"allow":["GET"]}}],"collection":[{"href":"https:\/\/bandeirantes.ms.gov.br\/v2\/wp-json\/wp\/v2\/posts"}],"about":[{"href":"https:\/\/bandeirantes.ms.gov.br\/v2\/wp-json\/wp\/v2\/types\/post"}],"author":[{"embeddable":true,"href":"https:\/\/bandeirantes.ms.gov.br\/v2\/wp-json\/wp\/v2\/users\/25"}],"replies":[{"embeddable":true,"href":"https:\/\/bandeirantes.ms.gov.br\/v2\/wp-json\/wp\/v2\/comments?post=21404"}],"version-history":[{"count":1,"href":"https:\/\/bandeirantes.ms.gov.br\/v2\/wp-json\/wp\/v2\/posts\/21404\/revisions"}],"predecessor-version":[{"id":21406,"href":"https:\/\/bandeirantes.ms.gov.br\/v2\/wp-json\/wp\/v2\/posts\/21404\/revisions\/21406"}],"wp:featuredmedia":[{"embeddable":true,"href":"https:\/\/bandeirantes.ms.gov.br\/v2\/wp-json\/wp\/v2\/media\/14020"}],"wp:attachment":[{"href":"https:\/\/bandeirantes.ms.gov.br\/v2\/wp-json\/wp\/v2\/media?parent=21404"}],"wp:term":[{"taxonomy":"category","embeddable":true,"href":"https:\/\/bandeirantes.ms.gov.br\/v2\/wp-json\/wp\/v2\/categories?post=21404"},{"taxonomy":"post_tag","embeddable":true,"href":"https:\/\/bandeirantes.ms.gov.br\/v2\/wp-json\/wp\/v2\/tags?post=21404"}],"curies":[{"name":"wp","href":"https:\/\/api.w.org\/{rel}","templated":true}]}}