{"id":21380,"date":"2024-05-03T07:21:40","date_gmt":"2024-05-03T11:21:40","guid":{"rendered":"https:\/\/bandeirantes.ms.gov.br\/v2\/?p=21380"},"modified":"2024-10-07T10:37:14","modified_gmt":"2024-10-07T14:37:14","slug":"alerta-para-baixa-umidade-do-ar-neste-final-de-semana-em-bandeirantes","status":"publish","type":"post","link":"https:\/\/bandeirantes.ms.gov.br\/v2\/2024\/05\/03\/alerta-para-baixa-umidade-do-ar-neste-final-de-semana-em-bandeirantes\/","title":{"rendered":"Alerta para baixa umidade do ar neste final de semana em Bandeirantes"},"content":{"rendered":"<p>A onda de calor mant\u00e9m o tempo seco e temperaturas elevadas neste final de semana em Bandeirantes. Para hoje (3) a previs\u00e3o do Inmet (Instituto Nacional de Meteorologia) indica m\u00ednima de 22\u00ba e m\u00e1xima de 37\u00ba.<\/p>\n<p>No s\u00e1bado (4) e domingo (5) o alerta de umidade baixa continua, com \u00edndice podendo chegar a apenas 20%, por isso, \u00e9 importante redobrar os cuidados com a hidrata\u00e7\u00e3o corporal e evitar exposi\u00e7\u00e3o ao sol nos hor\u00e1rios mais quentes do dia. A previs\u00e3o para a temperatura m\u00e1xima e m\u00ednima \u00e9 a mesma, ficando entre 37\u00ba e 22\u00ba.<\/p>\n<p>Ricardo Maia \/ Asscom<\/p>\n","protected":false},"excerpt":{"rendered":"<p>A onda de calor mant\u00e9m o tempo seco e temperaturas elevadas neste final de semana em Bandeirantes. Para hoje (3) a previs\u00e3o do Inmet (Instituto Nacional de Meteorologia) indica m\u00ednima de 22\u00ba e m\u00e1xima de 37\u00ba. No s\u00e1bado (4) e domingo (5) o alerta de umidade baixa continua, com \u00edndice podendo chegar a apenas 20%, [&hellip;]<\/p>\n","protected":false},"author":25,"featured_media":19270,"comment_status":"closed","ping_status":"closed","sticky":false,"template":"","format":"standard","meta":{"footnotes":""},"categories":[12],"tags":[],"class_list":["post-21380","post","type-post","status-publish","format-standard","has-post-thumbnail","hentry","category-destaques"],"_links":{"self":[{"href":"https:\/\/bandeirantes.ms.gov.br\/v2\/wp-json\/wp\/v2\/posts\/21380","targetHints":{"allow":["GET"]}}],"collection":[{"href":"https:\/\/bandeirantes.ms.gov.br\/v2\/wp-json\/wp\/v2\/posts"}],"about":[{"href":"https:\/\/bandeirantes.ms.gov.br\/v2\/wp-json\/wp\/v2\/types\/post"}],"author":[{"embeddable":true,"href":"https:\/\/bandeirantes.ms.gov.br\/v2\/wp-json\/wp\/v2\/users\/25"}],"replies":[{"embeddable":true,"href":"https:\/\/bandeirantes.ms.gov.br\/v2\/wp-json\/wp\/v2\/comments?post=21380"}],"version-history":[{"count":1,"href":"https:\/\/bandeirantes.ms.gov.br\/v2\/wp-json\/wp\/v2\/posts\/21380\/revisions"}],"predecessor-version":[{"id":21381,"href":"https:\/\/bandeirantes.ms.gov.br\/v2\/wp-json\/wp\/v2\/posts\/21380\/revisions\/21381"}],"wp:featuredmedia":[{"embeddable":true,"href":"https:\/\/bandeirantes.ms.gov.br\/v2\/wp-json\/wp\/v2\/media\/19270"}],"wp:attachment":[{"href":"https:\/\/bandeirantes.ms.gov.br\/v2\/wp-json\/wp\/v2\/media?parent=21380"}],"wp:term":[{"taxonomy":"category","embeddable":true,"href":"https:\/\/bandeirantes.ms.gov.br\/v2\/wp-json\/wp\/v2\/categories?post=21380"},{"taxonomy":"post_tag","embeddable":true,"href":"https:\/\/bandeirantes.ms.gov.br\/v2\/wp-json\/wp\/v2\/tags?post=21380"}],"curies":[{"name":"wp","href":"https:\/\/api.w.org\/{rel}","templated":true}]}}