{"id":21377,"date":"2024-05-02T12:36:42","date_gmt":"2024-05-02T16:36:42","guid":{"rendered":"https:\/\/bandeirantes.ms.gov.br\/v2\/?p=21377"},"modified":"2024-10-07T10:37:15","modified_gmt":"2024-10-07T14:37:15","slug":"curso-manejo-de-horta-leva-conhecimento-tecnico-para-pequenos-produtores-de-bandeirantes","status":"publish","type":"post","link":"https:\/\/bandeirantes.ms.gov.br\/v2\/2024\/05\/02\/curso-manejo-de-horta-leva-conhecimento-tecnico-para-pequenos-produtores-de-bandeirantes\/","title":{"rendered":"Curso Manejo de Horta leva conhecimento t\u00e9cnico para pequenos produtores de Bandeirantes"},"content":{"rendered":"<p>Come\u00e7a hoje (2) e segue at\u00e9 s\u00e1bado (4) o Curso Manejo de Horta realizado pelo Senar\/MS (Servi\u00e7o Nacional de Aprendizagem Rural) em parceria com a Prefeitura de Bandeirantes e a Secretaria de Educa\u00e7\u00e3o. O evento \u00e9 aberto a toda a comunidade e acontece na Escola Municipal Jos\u00e9 Bonif\u00e1cio.<\/p>\n<p>O curso tem carga hor\u00e1ria de 24h e tem o objetivo de aperfei\u00e7oar a implanta\u00e7\u00e3o e o manejo do cultivo para a obten\u00e7\u00e3o de hortali\u00e7as de qualidade para o consumo e a comercializa\u00e7\u00e3o.<\/p>\n<p>O conte\u00fado compreende desde a escolha e prepara\u00e7\u00e3o do solo at\u00e9 o armazenamento correto da produ\u00e7\u00e3o.<\/p>\n<p>Ricardo Maia \/ Asscom<\/p>\n","protected":false},"excerpt":{"rendered":"<p>Come\u00e7a hoje (2) e segue at\u00e9 s\u00e1bado (4) o Curso Manejo de Horta realizado pelo Senar\/MS (Servi\u00e7o Nacional de Aprendizagem Rural) em parceria com a Prefeitura de Bandeirantes e a Secretaria de Educa\u00e7\u00e3o. O evento \u00e9 aberto a toda a comunidade e acontece na Escola Municipal Jos\u00e9 Bonif\u00e1cio. O curso tem carga hor\u00e1ria de 24h [&hellip;]<\/p>\n","protected":false},"author":25,"featured_media":21378,"comment_status":"closed","ping_status":"closed","sticky":false,"template":"","format":"standard","meta":{"footnotes":""},"categories":[5,12,11],"tags":[],"class_list":["post-21377","post","type-post","status-publish","format-standard","has-post-thumbnail","hentry","category-agricultura-pecuaria-e-desenvolvimento-agraria","category-destaques","category-prefeito"],"_links":{"self":[{"href":"https:\/\/bandeirantes.ms.gov.br\/v2\/wp-json\/wp\/v2\/posts\/21377","targetHints":{"allow":["GET"]}}],"collection":[{"href":"https:\/\/bandeirantes.ms.gov.br\/v2\/wp-json\/wp\/v2\/posts"}],"about":[{"href":"https:\/\/bandeirantes.ms.gov.br\/v2\/wp-json\/wp\/v2\/types\/post"}],"author":[{"embeddable":true,"href":"https:\/\/bandeirantes.ms.gov.br\/v2\/wp-json\/wp\/v2\/users\/25"}],"replies":[{"embeddable":true,"href":"https:\/\/bandeirantes.ms.gov.br\/v2\/wp-json\/wp\/v2\/comments?post=21377"}],"version-history":[{"count":1,"href":"https:\/\/bandeirantes.ms.gov.br\/v2\/wp-json\/wp\/v2\/posts\/21377\/revisions"}],"predecessor-version":[{"id":21379,"href":"https:\/\/bandeirantes.ms.gov.br\/v2\/wp-json\/wp\/v2\/posts\/21377\/revisions\/21379"}],"wp:featuredmedia":[{"embeddable":true,"href":"https:\/\/bandeirantes.ms.gov.br\/v2\/wp-json\/wp\/v2\/media\/21378"}],"wp:attachment":[{"href":"https:\/\/bandeirantes.ms.gov.br\/v2\/wp-json\/wp\/v2\/media?parent=21377"}],"wp:term":[{"taxonomy":"category","embeddable":true,"href":"https:\/\/bandeirantes.ms.gov.br\/v2\/wp-json\/wp\/v2\/categories?post=21377"},{"taxonomy":"post_tag","embeddable":true,"href":"https:\/\/bandeirantes.ms.gov.br\/v2\/wp-json\/wp\/v2\/tags?post=21377"}],"curies":[{"name":"wp","href":"https:\/\/api.w.org\/{rel}","templated":true}]}}