{"id":21022,"date":"2024-04-10T07:53:38","date_gmt":"2024-04-10T11:53:38","guid":{"rendered":"https:\/\/bandeirantes.ms.gov.br\/v2\/?p=21022"},"modified":"2024-10-07T10:37:56","modified_gmt":"2024-10-07T14:37:56","slug":"instabilidade-climatica-continua-nesta-quarta-feira-em-bandeirantes","status":"publish","type":"post","link":"https:\/\/bandeirantes.ms.gov.br\/v2\/2024\/04\/10\/instabilidade-climatica-continua-nesta-quarta-feira-em-bandeirantes\/","title":{"rendered":"Instabilidade clim\u00e1tica continua nesta quarta-feira em Bandeirantes"},"content":{"rendered":"<p>Nesta quarta-feira (10) a tempo continua inst\u00e1vel com possibilidade de chuva no per\u00edodo da tarde e da noite, segundo o Cemtec\/MS (Centro de Monitoramento do Tempo e do Clima) isso ocorre devido a presen\u00e7a de \u00e1reas de baixa press\u00e3o atmosf\u00e9rica no Paraguai aliada a disponibilidade de umidade e a aproxima\u00e7\u00e3o de uma frente fria.<\/p>\n<p>O Inmet (Instituto Nacional de Meteorologia) prev\u00ea temperatura m\u00ednima de 22\u00ba e m\u00e1xima de 32\u00ba em Bandeirantes.<\/p>\n<p>Ricardo Maia \/ Asscom<\/p>\n","protected":false},"excerpt":{"rendered":"<p>Nesta quarta-feira (10) a tempo continua inst\u00e1vel com possibilidade de chuva no per\u00edodo da tarde e da noite, segundo o Cemtec\/MS (Centro de Monitoramento do Tempo e do Clima) isso ocorre devido a presen\u00e7a de \u00e1reas de baixa press\u00e3o atmosf\u00e9rica no Paraguai aliada a disponibilidade de umidade e a aproxima\u00e7\u00e3o de uma frente fria. O [&hellip;]<\/p>\n","protected":false},"author":25,"featured_media":21024,"comment_status":"closed","ping_status":"closed","sticky":false,"template":"","format":"standard","meta":{"footnotes":""},"categories":[12],"tags":[],"class_list":["post-21022","post","type-post","status-publish","format-standard","has-post-thumbnail","hentry","category-destaques"],"_links":{"self":[{"href":"https:\/\/bandeirantes.ms.gov.br\/v2\/wp-json\/wp\/v2\/posts\/21022","targetHints":{"allow":["GET"]}}],"collection":[{"href":"https:\/\/bandeirantes.ms.gov.br\/v2\/wp-json\/wp\/v2\/posts"}],"about":[{"href":"https:\/\/bandeirantes.ms.gov.br\/v2\/wp-json\/wp\/v2\/types\/post"}],"author":[{"embeddable":true,"href":"https:\/\/bandeirantes.ms.gov.br\/v2\/wp-json\/wp\/v2\/users\/25"}],"replies":[{"embeddable":true,"href":"https:\/\/bandeirantes.ms.gov.br\/v2\/wp-json\/wp\/v2\/comments?post=21022"}],"version-history":[{"count":1,"href":"https:\/\/bandeirantes.ms.gov.br\/v2\/wp-json\/wp\/v2\/posts\/21022\/revisions"}],"predecessor-version":[{"id":21025,"href":"https:\/\/bandeirantes.ms.gov.br\/v2\/wp-json\/wp\/v2\/posts\/21022\/revisions\/21025"}],"wp:featuredmedia":[{"embeddable":true,"href":"https:\/\/bandeirantes.ms.gov.br\/v2\/wp-json\/wp\/v2\/media\/21024"}],"wp:attachment":[{"href":"https:\/\/bandeirantes.ms.gov.br\/v2\/wp-json\/wp\/v2\/media?parent=21022"}],"wp:term":[{"taxonomy":"category","embeddable":true,"href":"https:\/\/bandeirantes.ms.gov.br\/v2\/wp-json\/wp\/v2\/categories?post=21022"},{"taxonomy":"post_tag","embeddable":true,"href":"https:\/\/bandeirantes.ms.gov.br\/v2\/wp-json\/wp\/v2\/tags?post=21022"}],"curies":[{"name":"wp","href":"https:\/\/api.w.org\/{rel}","templated":true}]}}