{"id":20701,"date":"2024-03-08T10:18:32","date_gmt":"2024-03-08T14:18:32","guid":{"rendered":"https:\/\/bandeirantes.ms.gov.br\/v2\/?p=20701"},"modified":"2024-10-07T10:38:19","modified_gmt":"2024-10-07T14:38:19","slug":"governador-atende-prioridades-de-bandeirantes-e-anuncia-r-13-milhoes-em-obras-para-o-municipio","status":"publish","type":"post","link":"https:\/\/bandeirantes.ms.gov.br\/v2\/2024\/03\/08\/governador-atende-prioridades-de-bandeirantes-e-anuncia-r-13-milhoes-em-obras-para-o-municipio\/","title":{"rendered":"Governador atende prioridades de Bandeirantes e anuncia R$ 13 milh\u00f5es em obras para o munic\u00edpio"},"content":{"rendered":"<p><em>Riedel ainda destacou o asfaltamento do bairro Nova Bandeirantes e os obras que est\u00e3o sendo realizadas na MS-245, objetivo \u00e9 expandir a infraestrutura para dar conta do crescimento da atividade econ\u00f4mica no munic\u00edpio<\/em><\/p>\n<p>Em reuni\u00e3o na tarde de ontem (7), em Campo Grande, o governador Eduardo Riedel anunciou o investimento de R$ 13 milh\u00f5es em obras de drenagem e pavimenta\u00e7\u00e3o asf\u00e1ltica em Bandeirantes. Os projetos contemplados foram apresentados pelo prefeito Gustavo Sprotte dentro das prioridades do munic\u00edpio.<\/p>\n<p>As obras de infraestrutura ser\u00e3o realizadas no bairro Jo\u00e3o do G\u00e1s e em 10 ruas do centro da cidade. O governador destacou que Bandeirantes \u00e9 &#8220;um munic\u00edpio que est\u00e1 crescendo bastante e demandando esses investimentos por parte do Poder P\u00fablico&#8221;.<\/p>\n<p>O prefeito comentou que saiu feliz do encontro e agradeceu ao governador por apoiar os projetos e priorizar os munic\u00edpios e suas demandas. &#8220;O progresso est\u00e1 chegando em Bandeirantes. Estamos nos destacando com a produ\u00e7\u00e3o de leit\u00f5es, j\u00e1 temos 15 mil hectares de eucalipto plantado e diversas empresas est\u00e3o se instalando em nosso munic\u00edpio, apresentamos ao Riedel projetos de asfalto e drenagem e o governador se sensibilizou e vai apoiar nossas reinvindica\u00e7\u00f5es&#8221;, destaca Sprotte.<\/p>\n<p>A Regi\u00e3o Central contar\u00e1 com R$ 6,2 milh\u00f5es em investimentos, chegando a 100% das ruas asfaltadas. J\u00e1 no bairro Jo\u00e3o do G\u00e1s ser\u00e3o investidos R$ 7 milh\u00f5es, solucionando os constantes problemas de alagamentos e m\u00e1s condi\u00e7\u00f5es das vias nos per\u00edodos chuvosos.<\/p>\n<p>Tamb\u00e9m estiveram presentes no an\u00fancio o vice-governador Barbosinha, o secret\u00e1rio de Infraestrutura e Log\u00edstica do Estado, H\u00e9lio Peluffo, os deputados Estaduais, Lucas de Lima e M\u00e1rcio Fernandes, os vereadores Emerson Dutra e M\u00e1rcio do Detran, l\u00edder do governo na C\u00e2mara Municipal, al\u00e9m do secret\u00e1rio de Finan\u00e7as P\u00fablicas de Bandeirantes, Cristiano Lezisaamon.<\/p>\n\r\n                <style type=\"text\/css\">\r\n                    \r\n                    #tdi_1  .td-doubleSlider-2 .td-item1 {\r\n                        background: url(https:\/\/bandeirantes.ms.gov.br\/v2\/wp-content\/uploads\/2024\/03\/7a0fc975-eef8-406f-8e32-38d45ccc8c3f-80x60.jpg) 0 0 no-repeat;\r\n                    }\r\n                    #tdi_1  .td-doubleSlider-2 .td-item2 {\r\n                        background: url(https:\/\/bandeirantes.ms.gov.br\/v2\/wp-content\/uploads\/2024\/03\/300cf10a-cb21-4099-8c9b-fa7d8827fe05-80x60.jpg) 0 0 no-repeat;\r\n                    }\r\n                    #tdi_1  .td-doubleSlider-2 .td-item3 {\r\n                        background: url(https:\/\/bandeirantes.ms.gov.br\/v2\/wp-content\/uploads\/2024\/03\/944ac88d-0b07-44f0-b6b5-c44afdb0de95-80x60.jpg) 0 0 no-repeat;\r\n                    }\r\n                    #tdi_1  .td-doubleSlider-2 .td-item4 {\r\n                        background: url(https:\/\/bandeirantes.ms.gov.br\/v2\/wp-content\/uploads\/2024\/03\/4620acd8-5c9b-42b9-997f-334a9c56e9e5-80x60.jpg) 0 0 no-repeat;\r\n                    }\r\n                    #tdi_1  .td-doubleSlider-2 .td-item5 {\r\n                        background: url(https:\/\/bandeirantes.ms.gov.br\/v2\/wp-content\/uploads\/2024\/03\/768159bf-6c07-4cdd-a1b3-0363132739e1-80x60.jpg) 0 0 no-repeat;\r\n                    }\r\n                    #tdi_1  .td-doubleSlider-2 .td-item6 {\r\n                        background: url(https:\/\/bandeirantes.ms.gov.br\/v2\/wp-content\/uploads\/2024\/03\/ab53a9f2-e9b7-4402-9151-3d7099b10508-80x60.jpg) 0 0 no-repeat;\r\n                    }\r\n                    #tdi_1  .td-doubleSlider-2 .td-item7 {\r\n                        background: url(https:\/\/bandeirantes.ms.gov.br\/v2\/wp-content\/uploads\/2024\/03\/Bandeirantes-Fto-Alvaro-Rezende-2-1024x683-2-80x60.jpg) 0 0 no-repeat;\r\n                    }\r\n                    #tdi_1  .td-doubleSlider-2 .td-item8 {\r\n                        background: url(https:\/\/bandeirantes.ms.gov.br\/v2\/wp-content\/uploads\/2024\/03\/da7a542a-75eb-40b1-b6e3-9e610165ffa0-80x60.jpg) 0 0 no-repeat;\r\n                    }\r\n                    #tdi_1  .td-doubleSlider-2 .td-item9 {\r\n                        background: url(https:\/\/bandeirantes.ms.gov.br\/v2\/wp-content\/uploads\/2024\/03\/ded99ef5-7a54-429a-ad55-48dd8edb0fcd-80x60.jpg) 0 0 no-repeat;\r\n                    }\r\n                    #tdi_1  .td-doubleSlider-2 .td-item10 {\r\n                        background: url(https:\/\/bandeirantes.ms.gov.br\/v2\/wp-content\/uploads\/2024\/03\/f63e371a-6fa0-42f2-8a3c-d81e26caf248-80x60.jpg) 0 0 no-repeat;\r\n                    }\r\n                <\/style>\r\n\r\n                <div id=\"tdi_1\" class=\"td-gallery td-slide-on-2-columns\">\r\n                    <div class=\"post_td_gallery\">\r\n                        <div class=\"td-gallery-slide-top\">\r\n                           <div class=\"td-gallery-title\"><\/div>\r\n\r\n                            <div class=\"td-gallery-controls-wrapper\">\r\n                                <div class=\"td-gallery-slide-count\"><span class=\"td-gallery-slide-item-focus\">1<\/span> de 10<\/div>\r\n                                <div class=\"td-gallery-slide-prev-next-but\">\r\n                                    <i class = \"td-icon-left doubleSliderPrevButton\"><\/i>\r\n                                    <i class = \"td-icon-right doubleSliderNextButton\"><\/i>\r\n                                <\/div>\r\n                            <\/div>\r\n                        <\/div>\r\n\r\n                        <div class = \"td-doubleSlider-1 \">\r\n                            <div class = \"td-slider\">\r\n                                \r\n                    <div class = \"td-slide-item td-item1\">\r\n                        <figure class=\"td-slide-galery-figure td-slide-popup-gallery\">\r\n                            <a class=\"slide-gallery-image-link\" href=\"https:\/\/bandeirantes.ms.gov.br\/v2\/wp-content\/uploads\/2024\/03\/7a0fc975-eef8-406f-8e32-38d45ccc8c3f.jpg\" title=\"7a0fc975-eef8-406f-8e32-38d45ccc8c3f\"  data-caption=\"\"  data-description=\"\">\r\n                                <img decoding=\"async\" src=\"https:\/\/bandeirantes.ms.gov.br\/v2\/wp-content\/uploads\/2024\/03\/7a0fc975-eef8-406f-8e32-38d45ccc8c3f-630x420.jpg\" srcset=\"https:\/\/bandeirantes.ms.gov.br\/v2\/wp-content\/uploads\/2024\/03\/7a0fc975-eef8-406f-8e32-38d45ccc8c3f-630x420.jpg 630w, https:\/\/bandeirantes.ms.gov.br\/v2\/wp-content\/uploads\/2024\/03\/7a0fc975-eef8-406f-8e32-38d45ccc8c3f-300x200.jpg 300w, https:\/\/bandeirantes.ms.gov.br\/v2\/wp-content\/uploads\/2024\/03\/7a0fc975-eef8-406f-8e32-38d45ccc8c3f-1024x682.jpg 1024w, https:\/\/bandeirantes.ms.gov.br\/v2\/wp-content\/uploads\/2024\/03\/7a0fc975-eef8-406f-8e32-38d45ccc8c3f-768x512.jpg 768w, https:\/\/bandeirantes.ms.gov.br\/v2\/wp-content\/uploads\/2024\/03\/7a0fc975-eef8-406f-8e32-38d45ccc8c3f-1536x1023.jpg 1536w, https:\/\/bandeirantes.ms.gov.br\/v2\/wp-content\/uploads\/2024\/03\/7a0fc975-eef8-406f-8e32-38d45ccc8c3f-696x464.jpg 696w, https:\/\/bandeirantes.ms.gov.br\/v2\/wp-content\/uploads\/2024\/03\/7a0fc975-eef8-406f-8e32-38d45ccc8c3f-1068x712.jpg 1068w, https:\/\/bandeirantes.ms.gov.br\/v2\/wp-content\/uploads\/2024\/03\/7a0fc975-eef8-406f-8e32-38d45ccc8c3f.jpg 1600w\" sizes=\"(max-width: 630px) 100vw, 630px\" alt=\"\">\r\n                            <\/a>\r\n                            \r\n                        <\/figure>\r\n                    <\/div>\r\n                    <div class = \"td-slide-item td-item2\">\r\n                        <figure class=\"td-slide-galery-figure td-slide-popup-gallery\">\r\n                            <a class=\"slide-gallery-image-link\" href=\"https:\/\/bandeirantes.ms.gov.br\/v2\/wp-content\/uploads\/2024\/03\/300cf10a-cb21-4099-8c9b-fa7d8827fe05.jpg\" title=\"300cf10a-cb21-4099-8c9b-fa7d8827fe05\"  data-caption=\"\"  data-description=\"\">\r\n                                <img decoding=\"async\" src=\"https:\/\/bandeirantes.ms.gov.br\/v2\/wp-content\/uploads\/2024\/03\/300cf10a-cb21-4099-8c9b-fa7d8827fe05-630x420.jpg\" srcset=\"https:\/\/bandeirantes.ms.gov.br\/v2\/wp-content\/uploads\/2024\/03\/300cf10a-cb21-4099-8c9b-fa7d8827fe05-630x420.jpg 630w, https:\/\/bandeirantes.ms.gov.br\/v2\/wp-content\/uploads\/2024\/03\/300cf10a-cb21-4099-8c9b-fa7d8827fe05-300x200.jpg 300w, https:\/\/bandeirantes.ms.gov.br\/v2\/wp-content\/uploads\/2024\/03\/300cf10a-cb21-4099-8c9b-fa7d8827fe05-1024x682.jpg 1024w, https:\/\/bandeirantes.ms.gov.br\/v2\/wp-content\/uploads\/2024\/03\/300cf10a-cb21-4099-8c9b-fa7d8827fe05-768x512.jpg 768w, https:\/\/bandeirantes.ms.gov.br\/v2\/wp-content\/uploads\/2024\/03\/300cf10a-cb21-4099-8c9b-fa7d8827fe05-1536x1023.jpg 1536w, https:\/\/bandeirantes.ms.gov.br\/v2\/wp-content\/uploads\/2024\/03\/300cf10a-cb21-4099-8c9b-fa7d8827fe05-696x464.jpg 696w, https:\/\/bandeirantes.ms.gov.br\/v2\/wp-content\/uploads\/2024\/03\/300cf10a-cb21-4099-8c9b-fa7d8827fe05-1068x712.jpg 1068w, https:\/\/bandeirantes.ms.gov.br\/v2\/wp-content\/uploads\/2024\/03\/300cf10a-cb21-4099-8c9b-fa7d8827fe05.jpg 1600w\" sizes=\"(max-width: 630px) 100vw, 630px\" alt=\"\">\r\n                            <\/a>\r\n                            \r\n                        <\/figure>\r\n                    <\/div>\r\n                    <div class = \"td-slide-item td-item3\">\r\n                        <figure class=\"td-slide-galery-figure td-slide-popup-gallery\">\r\n                            <a class=\"slide-gallery-image-link\" href=\"https:\/\/bandeirantes.ms.gov.br\/v2\/wp-content\/uploads\/2024\/03\/944ac88d-0b07-44f0-b6b5-c44afdb0de95.jpg\" title=\"944ac88d-0b07-44f0-b6b5-c44afdb0de95\"  data-caption=\"\"  data-description=\"\">\r\n                                <img decoding=\"async\" src=\"https:\/\/bandeirantes.ms.gov.br\/v2\/wp-content\/uploads\/2024\/03\/944ac88d-0b07-44f0-b6b5-c44afdb0de95-630x420.jpg\" srcset=\"https:\/\/bandeirantes.ms.gov.br\/v2\/wp-content\/uploads\/2024\/03\/944ac88d-0b07-44f0-b6b5-c44afdb0de95-630x420.jpg 630w, https:\/\/bandeirantes.ms.gov.br\/v2\/wp-content\/uploads\/2024\/03\/944ac88d-0b07-44f0-b6b5-c44afdb0de95-300x200.jpg 300w, https:\/\/bandeirantes.ms.gov.br\/v2\/wp-content\/uploads\/2024\/03\/944ac88d-0b07-44f0-b6b5-c44afdb0de95-1024x682.jpg 1024w, https:\/\/bandeirantes.ms.gov.br\/v2\/wp-content\/uploads\/2024\/03\/944ac88d-0b07-44f0-b6b5-c44afdb0de95-768x512.jpg 768w, https:\/\/bandeirantes.ms.gov.br\/v2\/wp-content\/uploads\/2024\/03\/944ac88d-0b07-44f0-b6b5-c44afdb0de95-1536x1023.jpg 1536w, https:\/\/bandeirantes.ms.gov.br\/v2\/wp-content\/uploads\/2024\/03\/944ac88d-0b07-44f0-b6b5-c44afdb0de95-696x464.jpg 696w, https:\/\/bandeirantes.ms.gov.br\/v2\/wp-content\/uploads\/2024\/03\/944ac88d-0b07-44f0-b6b5-c44afdb0de95-1068x712.jpg 1068w, https:\/\/bandeirantes.ms.gov.br\/v2\/wp-content\/uploads\/2024\/03\/944ac88d-0b07-44f0-b6b5-c44afdb0de95.jpg 1600w\" sizes=\"(max-width: 630px) 100vw, 630px\" alt=\"\">\r\n                            <\/a>\r\n                            \r\n                        <\/figure>\r\n                    <\/div>\r\n                    <div class = \"td-slide-item td-item4\">\r\n                        <figure class=\"td-slide-galery-figure td-slide-popup-gallery\">\r\n                            <a class=\"slide-gallery-image-link\" href=\"https:\/\/bandeirantes.ms.gov.br\/v2\/wp-content\/uploads\/2024\/03\/4620acd8-5c9b-42b9-997f-334a9c56e9e5.jpg\" title=\"4620acd8-5c9b-42b9-997f-334a9c56e9e5\"  data-caption=\"\"  data-description=\"\">\r\n                                <img decoding=\"async\" src=\"https:\/\/bandeirantes.ms.gov.br\/v2\/wp-content\/uploads\/2024\/03\/4620acd8-5c9b-42b9-997f-334a9c56e9e5-630x420.jpg\" srcset=\"https:\/\/bandeirantes.ms.gov.br\/v2\/wp-content\/uploads\/2024\/03\/4620acd8-5c9b-42b9-997f-334a9c56e9e5-630x420.jpg 630w, https:\/\/bandeirantes.ms.gov.br\/v2\/wp-content\/uploads\/2024\/03\/4620acd8-5c9b-42b9-997f-334a9c56e9e5-300x200.jpg 300w, https:\/\/bandeirantes.ms.gov.br\/v2\/wp-content\/uploads\/2024\/03\/4620acd8-5c9b-42b9-997f-334a9c56e9e5-1024x682.jpg 1024w, https:\/\/bandeirantes.ms.gov.br\/v2\/wp-content\/uploads\/2024\/03\/4620acd8-5c9b-42b9-997f-334a9c56e9e5-768x512.jpg 768w, https:\/\/bandeirantes.ms.gov.br\/v2\/wp-content\/uploads\/2024\/03\/4620acd8-5c9b-42b9-997f-334a9c56e9e5-1536x1023.jpg 1536w, https:\/\/bandeirantes.ms.gov.br\/v2\/wp-content\/uploads\/2024\/03\/4620acd8-5c9b-42b9-997f-334a9c56e9e5-696x464.jpg 696w, https:\/\/bandeirantes.ms.gov.br\/v2\/wp-content\/uploads\/2024\/03\/4620acd8-5c9b-42b9-997f-334a9c56e9e5-1068x712.jpg 1068w, https:\/\/bandeirantes.ms.gov.br\/v2\/wp-content\/uploads\/2024\/03\/4620acd8-5c9b-42b9-997f-334a9c56e9e5.jpg 1600w\" sizes=\"(max-width: 630px) 100vw, 630px\" alt=\"\">\r\n                            <\/a>\r\n                            \r\n                        <\/figure>\r\n                    <\/div>\r\n                    <div class = \"td-slide-item td-item5\">\r\n                        <figure class=\"td-slide-galery-figure td-slide-popup-gallery\">\r\n                            <a class=\"slide-gallery-image-link\" href=\"https:\/\/bandeirantes.ms.gov.br\/v2\/wp-content\/uploads\/2024\/03\/768159bf-6c07-4cdd-a1b3-0363132739e1.jpg\" title=\"768159bf-6c07-4cdd-a1b3-0363132739e1\"  data-caption=\"\"  data-description=\"\">\r\n                                <img decoding=\"async\" src=\"https:\/\/bandeirantes.ms.gov.br\/v2\/wp-content\/uploads\/2024\/03\/768159bf-6c07-4cdd-a1b3-0363132739e1-630x420.jpg\" srcset=\"https:\/\/bandeirantes.ms.gov.br\/v2\/wp-content\/uploads\/2024\/03\/768159bf-6c07-4cdd-a1b3-0363132739e1-630x420.jpg 630w, https:\/\/bandeirantes.ms.gov.br\/v2\/wp-content\/uploads\/2024\/03\/768159bf-6c07-4cdd-a1b3-0363132739e1-300x200.jpg 300w, https:\/\/bandeirantes.ms.gov.br\/v2\/wp-content\/uploads\/2024\/03\/768159bf-6c07-4cdd-a1b3-0363132739e1-1024x682.jpg 1024w, https:\/\/bandeirantes.ms.gov.br\/v2\/wp-content\/uploads\/2024\/03\/768159bf-6c07-4cdd-a1b3-0363132739e1-768x512.jpg 768w, https:\/\/bandeirantes.ms.gov.br\/v2\/wp-content\/uploads\/2024\/03\/768159bf-6c07-4cdd-a1b3-0363132739e1-1536x1023.jpg 1536w, https:\/\/bandeirantes.ms.gov.br\/v2\/wp-content\/uploads\/2024\/03\/768159bf-6c07-4cdd-a1b3-0363132739e1-696x464.jpg 696w, https:\/\/bandeirantes.ms.gov.br\/v2\/wp-content\/uploads\/2024\/03\/768159bf-6c07-4cdd-a1b3-0363132739e1-1068x712.jpg 1068w, https:\/\/bandeirantes.ms.gov.br\/v2\/wp-content\/uploads\/2024\/03\/768159bf-6c07-4cdd-a1b3-0363132739e1.jpg 1600w\" sizes=\"(max-width: 630px) 100vw, 630px\" alt=\"\">\r\n                            <\/a>\r\n                            \r\n                        <\/figure>\r\n                    <\/div>\r\n                    <div class = \"td-slide-item td-item6\">\r\n                        <figure class=\"td-slide-galery-figure td-slide-popup-gallery\">\r\n                            <a class=\"slide-gallery-image-link\" href=\"https:\/\/bandeirantes.ms.gov.br\/v2\/wp-content\/uploads\/2024\/03\/ab53a9f2-e9b7-4402-9151-3d7099b10508.jpg\" title=\"ab53a9f2-e9b7-4402-9151-3d7099b10508\"  data-caption=\"\"  data-description=\"\">\r\n                                <img decoding=\"async\" src=\"https:\/\/bandeirantes.ms.gov.br\/v2\/wp-content\/uploads\/2024\/03\/ab53a9f2-e9b7-4402-9151-3d7099b10508-630x420.jpg\" srcset=\"https:\/\/bandeirantes.ms.gov.br\/v2\/wp-content\/uploads\/2024\/03\/ab53a9f2-e9b7-4402-9151-3d7099b10508-630x420.jpg 630w, https:\/\/bandeirantes.ms.gov.br\/v2\/wp-content\/uploads\/2024\/03\/ab53a9f2-e9b7-4402-9151-3d7099b10508-300x200.jpg 300w, https:\/\/bandeirantes.ms.gov.br\/v2\/wp-content\/uploads\/2024\/03\/ab53a9f2-e9b7-4402-9151-3d7099b10508-1024x682.jpg 1024w, https:\/\/bandeirantes.ms.gov.br\/v2\/wp-content\/uploads\/2024\/03\/ab53a9f2-e9b7-4402-9151-3d7099b10508-768x512.jpg 768w, https:\/\/bandeirantes.ms.gov.br\/v2\/wp-content\/uploads\/2024\/03\/ab53a9f2-e9b7-4402-9151-3d7099b10508-1536x1023.jpg 1536w, https:\/\/bandeirantes.ms.gov.br\/v2\/wp-content\/uploads\/2024\/03\/ab53a9f2-e9b7-4402-9151-3d7099b10508-696x464.jpg 696w, https:\/\/bandeirantes.ms.gov.br\/v2\/wp-content\/uploads\/2024\/03\/ab53a9f2-e9b7-4402-9151-3d7099b10508-1068x712.jpg 1068w, https:\/\/bandeirantes.ms.gov.br\/v2\/wp-content\/uploads\/2024\/03\/ab53a9f2-e9b7-4402-9151-3d7099b10508.jpg 1600w\" sizes=\"(max-width: 630px) 100vw, 630px\" alt=\"\">\r\n                            <\/a>\r\n                            \r\n                        <\/figure>\r\n                    <\/div>\r\n                    <div class = \"td-slide-item td-item7\">\r\n                        <figure class=\"td-slide-galery-figure td-slide-popup-gallery\">\r\n                            <a class=\"slide-gallery-image-link\" href=\"https:\/\/bandeirantes.ms.gov.br\/v2\/wp-content\/uploads\/2024\/03\/Bandeirantes-Fto-Alvaro-Rezende-2-1024x683-2.jpg\" title=\"Bandeirantes-Fto-Alvaro-Rezende-2-1024x683\"  data-caption=\"\"  data-description=\"\">\r\n                                <img decoding=\"async\" src=\"https:\/\/bandeirantes.ms.gov.br\/v2\/wp-content\/uploads\/2024\/03\/Bandeirantes-Fto-Alvaro-Rezende-2-1024x683-2-630x420.jpg\" srcset=\"https:\/\/bandeirantes.ms.gov.br\/v2\/wp-content\/uploads\/2024\/03\/Bandeirantes-Fto-Alvaro-Rezende-2-1024x683-2-630x420.jpg 630w, https:\/\/bandeirantes.ms.gov.br\/v2\/wp-content\/uploads\/2024\/03\/Bandeirantes-Fto-Alvaro-Rezende-2-1024x683-2-300x200.jpg 300w, https:\/\/bandeirantes.ms.gov.br\/v2\/wp-content\/uploads\/2024\/03\/Bandeirantes-Fto-Alvaro-Rezende-2-1024x683-2-768x512.jpg 768w, https:\/\/bandeirantes.ms.gov.br\/v2\/wp-content\/uploads\/2024\/03\/Bandeirantes-Fto-Alvaro-Rezende-2-1024x683-2-696x464.jpg 696w, https:\/\/bandeirantes.ms.gov.br\/v2\/wp-content\/uploads\/2024\/03\/Bandeirantes-Fto-Alvaro-Rezende-2-1024x683-2.jpg 1024w\" sizes=\"(max-width: 630px) 100vw, 630px\" alt=\"\">\r\n                            <\/a>\r\n                            \r\n                        <\/figure>\r\n                    <\/div>\r\n                    <div class = \"td-slide-item td-item8\">\r\n                        <figure class=\"td-slide-galery-figure td-slide-popup-gallery\">\r\n                            <a class=\"slide-gallery-image-link\" href=\"https:\/\/bandeirantes.ms.gov.br\/v2\/wp-content\/uploads\/2024\/03\/da7a542a-75eb-40b1-b6e3-9e610165ffa0.jpg\" title=\"da7a542a-75eb-40b1-b6e3-9e610165ffa0\"  data-caption=\"\"  data-description=\"\">\r\n                                <img decoding=\"async\" src=\"https:\/\/bandeirantes.ms.gov.br\/v2\/wp-content\/uploads\/2024\/03\/da7a542a-75eb-40b1-b6e3-9e610165ffa0-630x420.jpg\" srcset=\"https:\/\/bandeirantes.ms.gov.br\/v2\/wp-content\/uploads\/2024\/03\/da7a542a-75eb-40b1-b6e3-9e610165ffa0-630x420.jpg 630w, https:\/\/bandeirantes.ms.gov.br\/v2\/wp-content\/uploads\/2024\/03\/da7a542a-75eb-40b1-b6e3-9e610165ffa0-300x200.jpg 300w, https:\/\/bandeirantes.ms.gov.br\/v2\/wp-content\/uploads\/2024\/03\/da7a542a-75eb-40b1-b6e3-9e610165ffa0-1024x682.jpg 1024w, https:\/\/bandeirantes.ms.gov.br\/v2\/wp-content\/uploads\/2024\/03\/da7a542a-75eb-40b1-b6e3-9e610165ffa0-768x512.jpg 768w, https:\/\/bandeirantes.ms.gov.br\/v2\/wp-content\/uploads\/2024\/03\/da7a542a-75eb-40b1-b6e3-9e610165ffa0-1536x1023.jpg 1536w, https:\/\/bandeirantes.ms.gov.br\/v2\/wp-content\/uploads\/2024\/03\/da7a542a-75eb-40b1-b6e3-9e610165ffa0-696x464.jpg 696w, https:\/\/bandeirantes.ms.gov.br\/v2\/wp-content\/uploads\/2024\/03\/da7a542a-75eb-40b1-b6e3-9e610165ffa0-1068x712.jpg 1068w, https:\/\/bandeirantes.ms.gov.br\/v2\/wp-content\/uploads\/2024\/03\/da7a542a-75eb-40b1-b6e3-9e610165ffa0.jpg 1600w\" sizes=\"(max-width: 630px) 100vw, 630px\" alt=\"\">\r\n                            <\/a>\r\n                            \r\n                        <\/figure>\r\n                    <\/div>\r\n                    <div class = \"td-slide-item td-item9\">\r\n                        <figure class=\"td-slide-galery-figure td-slide-popup-gallery\">\r\n                            <a class=\"slide-gallery-image-link\" href=\"https:\/\/bandeirantes.ms.gov.br\/v2\/wp-content\/uploads\/2024\/03\/ded99ef5-7a54-429a-ad55-48dd8edb0fcd.jpg\" title=\"ded99ef5-7a54-429a-ad55-48dd8edb0fcd\"  data-caption=\"\"  data-description=\"\">\r\n                                <img decoding=\"async\" src=\"https:\/\/bandeirantes.ms.gov.br\/v2\/wp-content\/uploads\/2024\/03\/ded99ef5-7a54-429a-ad55-48dd8edb0fcd-630x420.jpg\" srcset=\"https:\/\/bandeirantes.ms.gov.br\/v2\/wp-content\/uploads\/2024\/03\/ded99ef5-7a54-429a-ad55-48dd8edb0fcd-630x420.jpg 630w, https:\/\/bandeirantes.ms.gov.br\/v2\/wp-content\/uploads\/2024\/03\/ded99ef5-7a54-429a-ad55-48dd8edb0fcd-300x200.jpg 300w, https:\/\/bandeirantes.ms.gov.br\/v2\/wp-content\/uploads\/2024\/03\/ded99ef5-7a54-429a-ad55-48dd8edb0fcd-1024x682.jpg 1024w, https:\/\/bandeirantes.ms.gov.br\/v2\/wp-content\/uploads\/2024\/03\/ded99ef5-7a54-429a-ad55-48dd8edb0fcd-768x512.jpg 768w, https:\/\/bandeirantes.ms.gov.br\/v2\/wp-content\/uploads\/2024\/03\/ded99ef5-7a54-429a-ad55-48dd8edb0fcd-1536x1023.jpg 1536w, https:\/\/bandeirantes.ms.gov.br\/v2\/wp-content\/uploads\/2024\/03\/ded99ef5-7a54-429a-ad55-48dd8edb0fcd-696x464.jpg 696w, https:\/\/bandeirantes.ms.gov.br\/v2\/wp-content\/uploads\/2024\/03\/ded99ef5-7a54-429a-ad55-48dd8edb0fcd-1068x712.jpg 1068w, https:\/\/bandeirantes.ms.gov.br\/v2\/wp-content\/uploads\/2024\/03\/ded99ef5-7a54-429a-ad55-48dd8edb0fcd.jpg 1600w\" sizes=\"(max-width: 630px) 100vw, 630px\" alt=\"\">\r\n                            <\/a>\r\n                            \r\n                        <\/figure>\r\n                    <\/div>\r\n                    <div class = \"td-slide-item td-item10\">\r\n                        <figure class=\"td-slide-galery-figure td-slide-popup-gallery\">\r\n                            <a class=\"slide-gallery-image-link\" href=\"https:\/\/bandeirantes.ms.gov.br\/v2\/wp-content\/uploads\/2024\/03\/f63e371a-6fa0-42f2-8a3c-d81e26caf248.jpg\" title=\"f63e371a-6fa0-42f2-8a3c-d81e26caf248\"  data-caption=\"\"  data-description=\"\">\r\n                                <img decoding=\"async\" src=\"https:\/\/bandeirantes.ms.gov.br\/v2\/wp-content\/uploads\/2024\/03\/f63e371a-6fa0-42f2-8a3c-d81e26caf248-630x420.jpg\" srcset=\"https:\/\/bandeirantes.ms.gov.br\/v2\/wp-content\/uploads\/2024\/03\/f63e371a-6fa0-42f2-8a3c-d81e26caf248-630x420.jpg 630w, https:\/\/bandeirantes.ms.gov.br\/v2\/wp-content\/uploads\/2024\/03\/f63e371a-6fa0-42f2-8a3c-d81e26caf248-300x200.jpg 300w, https:\/\/bandeirantes.ms.gov.br\/v2\/wp-content\/uploads\/2024\/03\/f63e371a-6fa0-42f2-8a3c-d81e26caf248-1024x682.jpg 1024w, https:\/\/bandeirantes.ms.gov.br\/v2\/wp-content\/uploads\/2024\/03\/f63e371a-6fa0-42f2-8a3c-d81e26caf248-768x512.jpg 768w, https:\/\/bandeirantes.ms.gov.br\/v2\/wp-content\/uploads\/2024\/03\/f63e371a-6fa0-42f2-8a3c-d81e26caf248-1536x1023.jpg 1536w, https:\/\/bandeirantes.ms.gov.br\/v2\/wp-content\/uploads\/2024\/03\/f63e371a-6fa0-42f2-8a3c-d81e26caf248-696x464.jpg 696w, https:\/\/bandeirantes.ms.gov.br\/v2\/wp-content\/uploads\/2024\/03\/f63e371a-6fa0-42f2-8a3c-d81e26caf248-1068x712.jpg 1068w, https:\/\/bandeirantes.ms.gov.br\/v2\/wp-content\/uploads\/2024\/03\/f63e371a-6fa0-42f2-8a3c-d81e26caf248.jpg 1600w\" sizes=\"(max-width: 630px) 100vw, 630px\" alt=\"\">\r\n                            <\/a>\r\n                            \r\n                        <\/figure>\r\n                    <\/div>\r\n                            <\/div>\r\n                        <\/div>\r\n\r\n                        <div class = \"td-doubleSlider-2\">\r\n                            <div class = \"td-slider\">\r\n                                \r\n                    <div class = \"td-button td-item1\">\r\n                        <div class = \"td-border\"><\/div>\r\n                    <\/div>\r\n                    <div class = \"td-button td-item2\">\r\n                        <div class = \"td-border\"><\/div>\r\n                    <\/div>\r\n                    <div class = \"td-button td-item3\">\r\n                        <div class = \"td-border\"><\/div>\r\n                    <\/div>\r\n                    <div class = \"td-button td-item4\">\r\n                        <div class = \"td-border\"><\/div>\r\n                    <\/div>\r\n                    <div class = \"td-button td-item5\">\r\n                        <div class = \"td-border\"><\/div>\r\n                    <\/div>\r\n                    <div class = \"td-button td-item6\">\r\n                        <div class = \"td-border\"><\/div>\r\n                    <\/div>\r\n                    <div class = \"td-button td-item7\">\r\n                        <div class = \"td-border\"><\/div>\r\n                    <\/div>\r\n                    <div class = \"td-button td-item8\">\r\n                        <div class = \"td-border\"><\/div>\r\n                    <\/div>\r\n                    <div class = \"td-button td-item9\">\r\n                        <div class = \"td-border\"><\/div>\r\n                    <\/div>\r\n                    <div class = \"td-button td-item10\">\r\n                        <div class = \"td-border\"><\/div>\r\n                    <\/div>\r\n                            <\/div>\r\n                        <\/div>\r\n\r\n                    <\/div>\r\n\r\n                <\/div>\r\n                \n<p>Ricardo Maia \/ Asscom<\/p>\n<p>Fotos: \u00c1lvaro Rezende<\/p>\n<p>&nbsp;<\/p>\n","protected":false},"excerpt":{"rendered":"<p>Riedel ainda destacou o asfaltamento do bairro Nova Bandeirantes e os obras que est\u00e3o sendo realizadas na MS-245, objetivo \u00e9 expandir a infraestrutura para dar conta do crescimento da atividade econ\u00f4mica no munic\u00edpio Em reuni\u00e3o na tarde de ontem (7), em Campo Grande, o governador Eduardo Riedel anunciou o investimento de R$ 13 milh\u00f5es em [&hellip;]<\/p>\n","protected":false},"author":25,"featured_media":20702,"comment_status":"closed","ping_status":"closed","sticky":false,"template":"","format":"standard","meta":{"footnotes":""},"categories":[12,13,9,11],"tags":[],"class_list":["post-20701","post","type-post","status-publish","format-standard","has-post-thumbnail","hentry","category-destaques","category-governo","category-obras","category-prefeito"],"_links":{"self":[{"href":"https:\/\/bandeirantes.ms.gov.br\/v2\/wp-json\/wp\/v2\/posts\/20701","targetHints":{"allow":["GET"]}}],"collection":[{"href":"https:\/\/bandeirantes.ms.gov.br\/v2\/wp-json\/wp\/v2\/posts"}],"about":[{"href":"https:\/\/bandeirantes.ms.gov.br\/v2\/wp-json\/wp\/v2\/types\/post"}],"author":[{"embeddable":true,"href":"https:\/\/bandeirantes.ms.gov.br\/v2\/wp-json\/wp\/v2\/users\/25"}],"replies":[{"embeddable":true,"href":"https:\/\/bandeirantes.ms.gov.br\/v2\/wp-json\/wp\/v2\/comments?post=20701"}],"version-history":[{"count":1,"href":"https:\/\/bandeirantes.ms.gov.br\/v2\/wp-json\/wp\/v2\/posts\/20701\/revisions"}],"predecessor-version":[{"id":20714,"href":"https:\/\/bandeirantes.ms.gov.br\/v2\/wp-json\/wp\/v2\/posts\/20701\/revisions\/20714"}],"wp:featuredmedia":[{"embeddable":true,"href":"https:\/\/bandeirantes.ms.gov.br\/v2\/wp-json\/wp\/v2\/media\/20702"}],"wp:attachment":[{"href":"https:\/\/bandeirantes.ms.gov.br\/v2\/wp-json\/wp\/v2\/media?parent=20701"}],"wp:term":[{"taxonomy":"category","embeddable":true,"href":"https:\/\/bandeirantes.ms.gov.br\/v2\/wp-json\/wp\/v2\/categories?post=20701"},{"taxonomy":"post_tag","embeddable":true,"href":"https:\/\/bandeirantes.ms.gov.br\/v2\/wp-json\/wp\/v2\/tags?post=20701"}],"curies":[{"name":"wp","href":"https:\/\/api.w.org\/{rel}","templated":true}]}}