{"id":20584,"date":"2024-02-29T07:21:56","date_gmt":"2024-02-29T11:21:56","guid":{"rendered":"https:\/\/bandeirantes.ms.gov.br\/v2\/?p=20584"},"modified":"2024-10-07T10:39:05","modified_gmt":"2024-10-07T14:39:05","slug":"tempo-deve-permanecer-estavel-e-com-muito-calor-nesta-quinta-feira-em-bandeirantes","status":"publish","type":"post","link":"https:\/\/bandeirantes.ms.gov.br\/v2\/2024\/02\/29\/tempo-deve-permanecer-estavel-e-com-muito-calor-nesta-quinta-feira-em-bandeirantes\/","title":{"rendered":"Tempo deve permanecer est\u00e1vel e com muito calor nesta quinta-feira em Bandeirantes"},"content":{"rendered":"<p>Para esta quinta-feira (29) a previs\u00e3o para Bandeirantes indica altas temperaturas com varia\u00e7\u00e3o de nebulosidade e umidade podendo chegar a apenas 20%. Segundo o Inmet (Instituto Nacional de Meteorologia) a m\u00ednima hoje vai ser de 24\u00ba e a m\u00e1xima pode atingir os 39\u00ba.<\/p>\n<p>Ricardo Maia \/ Asscom<\/p>\n","protected":false},"excerpt":{"rendered":"<p>Para esta quinta-feira (29) a previs\u00e3o para Bandeirantes indica altas temperaturas com varia\u00e7\u00e3o de nebulosidade e umidade podendo chegar a apenas 20%. Segundo o Inmet (Instituto Nacional de Meteorologia) a m\u00ednima hoje vai ser de 24\u00ba e a m\u00e1xima pode atingir os 39\u00ba. Ricardo Maia \/ Asscom<\/p>\n","protected":false},"author":25,"featured_media":19270,"comment_status":"closed","ping_status":"closed","sticky":false,"template":"","format":"standard","meta":{"footnotes":""},"categories":[12],"tags":[],"class_list":["post-20584","post","type-post","status-publish","format-standard","has-post-thumbnail","hentry","category-destaques"],"_links":{"self":[{"href":"https:\/\/bandeirantes.ms.gov.br\/v2\/wp-json\/wp\/v2\/posts\/20584","targetHints":{"allow":["GET"]}}],"collection":[{"href":"https:\/\/bandeirantes.ms.gov.br\/v2\/wp-json\/wp\/v2\/posts"}],"about":[{"href":"https:\/\/bandeirantes.ms.gov.br\/v2\/wp-json\/wp\/v2\/types\/post"}],"author":[{"embeddable":true,"href":"https:\/\/bandeirantes.ms.gov.br\/v2\/wp-json\/wp\/v2\/users\/25"}],"replies":[{"embeddable":true,"href":"https:\/\/bandeirantes.ms.gov.br\/v2\/wp-json\/wp\/v2\/comments?post=20584"}],"version-history":[{"count":1,"href":"https:\/\/bandeirantes.ms.gov.br\/v2\/wp-json\/wp\/v2\/posts\/20584\/revisions"}],"predecessor-version":[{"id":20585,"href":"https:\/\/bandeirantes.ms.gov.br\/v2\/wp-json\/wp\/v2\/posts\/20584\/revisions\/20585"}],"wp:featuredmedia":[{"embeddable":true,"href":"https:\/\/bandeirantes.ms.gov.br\/v2\/wp-json\/wp\/v2\/media\/19270"}],"wp:attachment":[{"href":"https:\/\/bandeirantes.ms.gov.br\/v2\/wp-json\/wp\/v2\/media?parent=20584"}],"wp:term":[{"taxonomy":"category","embeddable":true,"href":"https:\/\/bandeirantes.ms.gov.br\/v2\/wp-json\/wp\/v2\/categories?post=20584"},{"taxonomy":"post_tag","embeddable":true,"href":"https:\/\/bandeirantes.ms.gov.br\/v2\/wp-json\/wp\/v2\/tags?post=20584"}],"curies":[{"name":"wp","href":"https:\/\/api.w.org\/{rel}","templated":true}]}}