{"id":20544,"date":"2024-02-26T07:15:34","date_gmt":"2024-02-26T11:15:34","guid":{"rendered":"https:\/\/bandeirantes.ms.gov.br\/v2\/?p=20544"},"modified":"2024-10-07T10:39:09","modified_gmt":"2024-10-07T14:39:09","slug":"semana-comeca-com-temperatura-alta-e-tempo-instavel-em-bandeirantes","status":"publish","type":"post","link":"https:\/\/bandeirantes.ms.gov.br\/v2\/2024\/02\/26\/semana-comeca-com-temperatura-alta-e-tempo-instavel-em-bandeirantes\/","title":{"rendered":"Semana come\u00e7a com temperatura alta e tempo inst\u00e1vel em Bandeirantes"},"content":{"rendered":"<p>A segunda-feira (26) deve ser de muito calor e varia\u00e7\u00e3o de nebulosidade, est\u00e3o previstas chuvas isoladas no decorrer do dia. Segundo o Inmet (Instituto Nacional de Meteorologia) a temperatura m\u00e1xima pode atingir os 37\u00ba e a m\u00ednima fica em 24\u00ba.<\/p>\n<p>Ricardo Maia \/ Asscom<\/p>\n","protected":false},"excerpt":{"rendered":"<p>A segunda-feira (26) deve ser de muito calor e varia\u00e7\u00e3o de nebulosidade, est\u00e3o previstas chuvas isoladas no decorrer do dia. Segundo o Inmet (Instituto Nacional de Meteorologia) a temperatura m\u00e1xima pode atingir os 37\u00ba e a m\u00ednima fica em 24\u00ba. Ricardo Maia \/ Asscom<\/p>\n","protected":false},"author":25,"featured_media":20545,"comment_status":"closed","ping_status":"closed","sticky":false,"template":"","format":"standard","meta":{"footnotes":""},"categories":[12],"tags":[],"class_list":["post-20544","post","type-post","status-publish","format-standard","has-post-thumbnail","hentry","category-destaques"],"_links":{"self":[{"href":"https:\/\/bandeirantes.ms.gov.br\/v2\/wp-json\/wp\/v2\/posts\/20544","targetHints":{"allow":["GET"]}}],"collection":[{"href":"https:\/\/bandeirantes.ms.gov.br\/v2\/wp-json\/wp\/v2\/posts"}],"about":[{"href":"https:\/\/bandeirantes.ms.gov.br\/v2\/wp-json\/wp\/v2\/types\/post"}],"author":[{"embeddable":true,"href":"https:\/\/bandeirantes.ms.gov.br\/v2\/wp-json\/wp\/v2\/users\/25"}],"replies":[{"embeddable":true,"href":"https:\/\/bandeirantes.ms.gov.br\/v2\/wp-json\/wp\/v2\/comments?post=20544"}],"version-history":[{"count":1,"href":"https:\/\/bandeirantes.ms.gov.br\/v2\/wp-json\/wp\/v2\/posts\/20544\/revisions"}],"predecessor-version":[{"id":20546,"href":"https:\/\/bandeirantes.ms.gov.br\/v2\/wp-json\/wp\/v2\/posts\/20544\/revisions\/20546"}],"wp:featuredmedia":[{"embeddable":true,"href":"https:\/\/bandeirantes.ms.gov.br\/v2\/wp-json\/wp\/v2\/media\/20545"}],"wp:attachment":[{"href":"https:\/\/bandeirantes.ms.gov.br\/v2\/wp-json\/wp\/v2\/media?parent=20544"}],"wp:term":[{"taxonomy":"category","embeddable":true,"href":"https:\/\/bandeirantes.ms.gov.br\/v2\/wp-json\/wp\/v2\/categories?post=20544"},{"taxonomy":"post_tag","embeddable":true,"href":"https:\/\/bandeirantes.ms.gov.br\/v2\/wp-json\/wp\/v2\/tags?post=20544"}],"curies":[{"name":"wp","href":"https:\/\/api.w.org\/{rel}","templated":true}]}}