{"id":20440,"date":"2024-02-19T08:20:48","date_gmt":"2024-02-19T12:20:48","guid":{"rendered":"https:\/\/bandeirantes.ms.gov.br\/v2\/?p=20440"},"modified":"2024-10-07T10:39:14","modified_gmt":"2024-10-07T14:39:14","slug":"semana-comeca-com-chuva-e-temperatura-amena-em-bandeirantes","status":"publish","type":"post","link":"https:\/\/bandeirantes.ms.gov.br\/v2\/2024\/02\/19\/semana-comeca-com-chuva-e-temperatura-amena-em-bandeirantes\/","title":{"rendered":"Semana come\u00e7a com chuva e temperatura amena em Bandeirantes"},"content":{"rendered":"<p>Nesta segunda-feira (19) o tempo vai ficar inst\u00e1vel com c\u00e9u encoberto e possibilidade de pancadas de chuva durante todo o dia em Bandeirantes. O calor d\u00e1 uma aliviada, a temperatura m\u00e1xima prevista para hoje \u00e9 de 28\u00ba com m\u00ednima de 21\u00ba.<\/p>\n<p>Ricardo Maia \/ Asscom<\/p>\n","protected":false},"excerpt":{"rendered":"<p>Nesta segunda-feira (19) o tempo vai ficar inst\u00e1vel com c\u00e9u encoberto e possibilidade de pancadas de chuva durante todo o dia em Bandeirantes. O calor d\u00e1 uma aliviada, a temperatura m\u00e1xima prevista para hoje \u00e9 de 28\u00ba com m\u00ednima de 21\u00ba. Ricardo Maia \/ Asscom<\/p>\n","protected":false},"author":25,"featured_media":14647,"comment_status":"closed","ping_status":"closed","sticky":false,"template":"","format":"standard","meta":{"footnotes":""},"categories":[12],"tags":[],"class_list":["post-20440","post","type-post","status-publish","format-standard","has-post-thumbnail","hentry","category-destaques"],"_links":{"self":[{"href":"https:\/\/bandeirantes.ms.gov.br\/v2\/wp-json\/wp\/v2\/posts\/20440","targetHints":{"allow":["GET"]}}],"collection":[{"href":"https:\/\/bandeirantes.ms.gov.br\/v2\/wp-json\/wp\/v2\/posts"}],"about":[{"href":"https:\/\/bandeirantes.ms.gov.br\/v2\/wp-json\/wp\/v2\/types\/post"}],"author":[{"embeddable":true,"href":"https:\/\/bandeirantes.ms.gov.br\/v2\/wp-json\/wp\/v2\/users\/25"}],"replies":[{"embeddable":true,"href":"https:\/\/bandeirantes.ms.gov.br\/v2\/wp-json\/wp\/v2\/comments?post=20440"}],"version-history":[{"count":1,"href":"https:\/\/bandeirantes.ms.gov.br\/v2\/wp-json\/wp\/v2\/posts\/20440\/revisions"}],"predecessor-version":[{"id":20441,"href":"https:\/\/bandeirantes.ms.gov.br\/v2\/wp-json\/wp\/v2\/posts\/20440\/revisions\/20441"}],"wp:featuredmedia":[{"embeddable":true,"href":"https:\/\/bandeirantes.ms.gov.br\/v2\/wp-json\/wp\/v2\/media\/14647"}],"wp:attachment":[{"href":"https:\/\/bandeirantes.ms.gov.br\/v2\/wp-json\/wp\/v2\/media?parent=20440"}],"wp:term":[{"taxonomy":"category","embeddable":true,"href":"https:\/\/bandeirantes.ms.gov.br\/v2\/wp-json\/wp\/v2\/categories?post=20440"},{"taxonomy":"post_tag","embeddable":true,"href":"https:\/\/bandeirantes.ms.gov.br\/v2\/wp-json\/wp\/v2\/tags?post=20440"}],"curies":[{"name":"wp","href":"https:\/\/api.w.org\/{rel}","templated":true}]}}