{"id":20338,"date":"2023-12-14T07:38:02","date_gmt":"2023-12-14T11:38:02","guid":{"rendered":"https:\/\/bandeirantes.ms.gov.br\/v2\/?p=20338"},"modified":"2024-10-07T10:39:19","modified_gmt":"2024-10-07T14:39:19","slug":"temperatura-continua-subindo-e-tempo-deve-ficar-estavel-nesta-quinta-feira-em-bandeirantes","status":"publish","type":"post","link":"https:\/\/bandeirantes.ms.gov.br\/v2\/2023\/12\/14\/temperatura-continua-subindo-e-tempo-deve-ficar-estavel-nesta-quinta-feira-em-bandeirantes\/","title":{"rendered":"Temperatura continua subindo e tempo deve ficar est\u00e1vel nesta quinta-feira em Bandeirantes"},"content":{"rendered":"<p>O calor aumenta nesta quinta-feira (14) em Bandeirantes devido a influ\u00eancia da onda de calor que deve elevar as temperaturas em todo o estado. O tempo deve permanecer est\u00e1vel com varia\u00e7\u00e3o de nebulosidade. Segundo o Inmet (Instituto Nacional de Meteorologia) a m\u00ednima prevista para hoje \u00e9 de 25\u00ba e a m\u00e1xima pode chegar a 39\u00ba.<\/p>\n<p>Ricardo Maia \/ Asscom<\/p>\n","protected":false},"excerpt":{"rendered":"<p>O calor aumenta nesta quinta-feira (14) em Bandeirantes devido a influ\u00eancia da onda de calor que deve elevar as temperaturas em todo o estado. O tempo deve permanecer est\u00e1vel com varia\u00e7\u00e3o de nebulosidade. Segundo o Inmet (Instituto Nacional de Meteorologia) a m\u00ednima prevista para hoje \u00e9 de 25\u00ba e a m\u00e1xima pode chegar a 39\u00ba. [&hellip;]<\/p>\n","protected":false},"author":25,"featured_media":16092,"comment_status":"closed","ping_status":"closed","sticky":false,"template":"","format":"standard","meta":{"footnotes":""},"categories":[12],"tags":[],"class_list":["post-20338","post","type-post","status-publish","format-standard","has-post-thumbnail","hentry","category-destaques"],"_links":{"self":[{"href":"https:\/\/bandeirantes.ms.gov.br\/v2\/wp-json\/wp\/v2\/posts\/20338","targetHints":{"allow":["GET"]}}],"collection":[{"href":"https:\/\/bandeirantes.ms.gov.br\/v2\/wp-json\/wp\/v2\/posts"}],"about":[{"href":"https:\/\/bandeirantes.ms.gov.br\/v2\/wp-json\/wp\/v2\/types\/post"}],"author":[{"embeddable":true,"href":"https:\/\/bandeirantes.ms.gov.br\/v2\/wp-json\/wp\/v2\/users\/25"}],"replies":[{"embeddable":true,"href":"https:\/\/bandeirantes.ms.gov.br\/v2\/wp-json\/wp\/v2\/comments?post=20338"}],"version-history":[{"count":1,"href":"https:\/\/bandeirantes.ms.gov.br\/v2\/wp-json\/wp\/v2\/posts\/20338\/revisions"}],"predecessor-version":[{"id":20339,"href":"https:\/\/bandeirantes.ms.gov.br\/v2\/wp-json\/wp\/v2\/posts\/20338\/revisions\/20339"}],"wp:featuredmedia":[{"embeddable":true,"href":"https:\/\/bandeirantes.ms.gov.br\/v2\/wp-json\/wp\/v2\/media\/16092"}],"wp:attachment":[{"href":"https:\/\/bandeirantes.ms.gov.br\/v2\/wp-json\/wp\/v2\/media?parent=20338"}],"wp:term":[{"taxonomy":"category","embeddable":true,"href":"https:\/\/bandeirantes.ms.gov.br\/v2\/wp-json\/wp\/v2\/categories?post=20338"},{"taxonomy":"post_tag","embeddable":true,"href":"https:\/\/bandeirantes.ms.gov.br\/v2\/wp-json\/wp\/v2\/tags?post=20338"}],"curies":[{"name":"wp","href":"https:\/\/api.w.org\/{rel}","templated":true}]}}