{"id":20335,"date":"2023-12-13T12:28:10","date_gmt":"2023-12-13T16:28:10","guid":{"rendered":"https:\/\/bandeirantes.ms.gov.br\/v2\/?p=20335"},"modified":"2024-10-07T10:39:19","modified_gmt":"2024-10-07T14:39:19","slug":"prefeitura-garante-14o-salario-e-produtividade-dos-agentes-comunitarios-de-saude-e-de-endemias","status":"publish","type":"post","link":"https:\/\/bandeirantes.ms.gov.br\/v2\/2023\/12\/13\/prefeitura-garante-14o-salario-e-produtividade-dos-agentes-comunitarios-de-saude-e-de-endemias\/","title":{"rendered":"Prefeitura garante 14\u00ba sal\u00e1rio e produtividade dos agentes Comunit\u00e1rios de Sa\u00fade e de Endemias"},"content":{"rendered":"<p>O prefeito de Bandeirantes Gustavo Sprotte anunciou hoje (13) em reuni\u00e3o na Secretaria de Sa\u00fade o pagamento do 14\u00ba sal\u00e1rio e da produtividade aos Agentes Comunit\u00e1rios de Sa\u00fade (ACS) e de Combate de Endemias (ACE). Os pagamentos devem ser realizados entre hoje e amanh\u00e3 (14).&nbsp;<\/p>\n<p>Os recursos para o pagamento do 14\u00ba sal\u00e1rio, tamb\u00e9m conhecido como IFA (Incentivo Financeiro Adicional) s\u00e3o provenientes do Governo Federal, j\u00e1 os recursos para o pagamento da produtividade s\u00e3o repassados pelo executivo estadual. No caso do 14\u00ba o Minist\u00e9rio da Sa\u00fade fez o repasse para o pagamento de 3 ACE, os outro 4 ser\u00e3o pagos com recursos do munic\u00edpio.&nbsp;<\/p>\n<p>Para o prefeito os pagamentos vem em boa hora, pois v\u00e3o garantir um repasse adicional para os profissionais. &#8220;Nossos agentes, tanto de endemias como de sa\u00fade, prestam um grande servi\u00e7o \u00e0 popula\u00e7\u00e3o e nada melhor que esses pagamentos para premiar a dedica\u00e7\u00e3o desses profissionais. Este ano tivemos baixos \u00edndices de casos de dengue e outras doen\u00e7as e devemos agradecer ao trabalho incans\u00e1vel dos agentes&#8221;.<\/p>\n<p>Bandeirantes conta atualmente com 15 ACS e 7 ACE que s\u00e3o respons\u00e1veis pelo atendimento da \u00e1rea urbana e rural do munic\u00edpio.&nbsp;<\/p>\n<p>O secret\u00e1rio de Sa\u00fade Jair Pereira destaca que essa \u00e9 uma luta antiga da categoria e que, \u00e0 partir da gest\u00e3o do prefeito, o munic\u00edpio recebeu o repasse do Governo Federal. &#8220;Estamos muito felizes por conseguir pagar esses adicionais aos agentes, sabemos a import\u00e2ncia do trabalho desenvolvido e, tamb\u00e9m, as dificuldades. Sempre dissemos que a preven\u00e7\u00e3o \u00e9 o melhor rem\u00e9dio e s\u00f3 conseguimos atuar na preven\u00e7\u00e3o com a ajuda imprescind\u00edvel desses&nbsp; profissionais&#8221;.<\/p>\n<p>Ricardo Maia \/ Asscom<\/p>\n<p>&nbsp;<\/p>\n","protected":false},"excerpt":{"rendered":"<p>O prefeito de Bandeirantes Gustavo Sprotte anunciou hoje (13) em reuni\u00e3o na Secretaria de Sa\u00fade o pagamento do 14\u00ba sal\u00e1rio e da produtividade aos Agentes Comunit\u00e1rios de Sa\u00fade (ACS) e de Combate de Endemias (ACE). Os pagamentos devem ser realizados entre hoje e amanh\u00e3 (14).&nbsp; Os recursos para o pagamento do 14\u00ba sal\u00e1rio, tamb\u00e9m conhecido [&hellip;]<\/p>\n","protected":false},"author":25,"featured_media":20336,"comment_status":"closed","ping_status":"closed","sticky":false,"template":"","format":"standard","meta":{"footnotes":""},"categories":[18,12,11,10],"tags":[],"class_list":["post-20335","post","type-post","status-publish","format-standard","has-post-thumbnail","hentry","category-conselho-municipal-de-saude","category-destaques","category-prefeito","category-saude"],"_links":{"self":[{"href":"https:\/\/bandeirantes.ms.gov.br\/v2\/wp-json\/wp\/v2\/posts\/20335","targetHints":{"allow":["GET"]}}],"collection":[{"href":"https:\/\/bandeirantes.ms.gov.br\/v2\/wp-json\/wp\/v2\/posts"}],"about":[{"href":"https:\/\/bandeirantes.ms.gov.br\/v2\/wp-json\/wp\/v2\/types\/post"}],"author":[{"embeddable":true,"href":"https:\/\/bandeirantes.ms.gov.br\/v2\/wp-json\/wp\/v2\/users\/25"}],"replies":[{"embeddable":true,"href":"https:\/\/bandeirantes.ms.gov.br\/v2\/wp-json\/wp\/v2\/comments?post=20335"}],"version-history":[{"count":1,"href":"https:\/\/bandeirantes.ms.gov.br\/v2\/wp-json\/wp\/v2\/posts\/20335\/revisions"}],"predecessor-version":[{"id":20337,"href":"https:\/\/bandeirantes.ms.gov.br\/v2\/wp-json\/wp\/v2\/posts\/20335\/revisions\/20337"}],"wp:featuredmedia":[{"embeddable":true,"href":"https:\/\/bandeirantes.ms.gov.br\/v2\/wp-json\/wp\/v2\/media\/20336"}],"wp:attachment":[{"href":"https:\/\/bandeirantes.ms.gov.br\/v2\/wp-json\/wp\/v2\/media?parent=20335"}],"wp:term":[{"taxonomy":"category","embeddable":true,"href":"https:\/\/bandeirantes.ms.gov.br\/v2\/wp-json\/wp\/v2\/categories?post=20335"},{"taxonomy":"post_tag","embeddable":true,"href":"https:\/\/bandeirantes.ms.gov.br\/v2\/wp-json\/wp\/v2\/tags?post=20335"}],"curies":[{"name":"wp","href":"https:\/\/api.w.org\/{rel}","templated":true}]}}