{"id":20214,"date":"2023-11-30T07:40:49","date_gmt":"2023-11-30T11:40:49","guid":{"rendered":"https:\/\/bandeirantes.ms.gov.br\/v2\/?p=20214"},"modified":"2024-10-07T10:39:25","modified_gmt":"2024-10-07T14:39:25","slug":"tempo-segue-instavel-com-chuva-e-ceu-encoberto-em-bandeirantes","status":"publish","type":"post","link":"https:\/\/bandeirantes.ms.gov.br\/v2\/2023\/11\/30\/tempo-segue-instavel-com-chuva-e-ceu-encoberto-em-bandeirantes\/","title":{"rendered":"Tempo segue inst\u00e1vel com chuva e c\u00e9u encoberto em Bandeirantes"},"content":{"rendered":"<p>Nesta quinta-feira (30) permanece a previs\u00e3o de chuvas e trovoadas isoladas durante todo o dia, o c\u00e9u deve permanecer com muitas nuvens. As instabilidades atmosf\u00e9ricas ocorrem devido ao intenso fluxo de calor e umidade vindo da Amaz\u00f4nia, aliado ao avan\u00e7o de cavados. Segundo o Inmet (Instituto Nacional de Meteorologia) a m\u00ednima prevista para hoje \u00e9 de 22\u00ba e a m\u00e1xima 36\u00ba.<\/p>\n<p>Ricardo Maia \/ Asscom&nbsp;<\/p>\n","protected":false},"excerpt":{"rendered":"<p>Nesta quinta-feira (30) permanece a previs\u00e3o de chuvas e trovoadas isoladas durante todo o dia, o c\u00e9u deve permanecer com muitas nuvens. As instabilidades atmosf\u00e9ricas ocorrem devido ao intenso fluxo de calor e umidade vindo da Amaz\u00f4nia, aliado ao avan\u00e7o de cavados. Segundo o Inmet (Instituto Nacional de Meteorologia) a m\u00ednima prevista para hoje \u00e9 [&hellip;]<\/p>\n","protected":false},"author":25,"featured_media":20215,"comment_status":"closed","ping_status":"closed","sticky":false,"template":"","format":"standard","meta":{"footnotes":""},"categories":[12],"tags":[],"class_list":["post-20214","post","type-post","status-publish","format-standard","has-post-thumbnail","hentry","category-destaques"],"_links":{"self":[{"href":"https:\/\/bandeirantes.ms.gov.br\/v2\/wp-json\/wp\/v2\/posts\/20214","targetHints":{"allow":["GET"]}}],"collection":[{"href":"https:\/\/bandeirantes.ms.gov.br\/v2\/wp-json\/wp\/v2\/posts"}],"about":[{"href":"https:\/\/bandeirantes.ms.gov.br\/v2\/wp-json\/wp\/v2\/types\/post"}],"author":[{"embeddable":true,"href":"https:\/\/bandeirantes.ms.gov.br\/v2\/wp-json\/wp\/v2\/users\/25"}],"replies":[{"embeddable":true,"href":"https:\/\/bandeirantes.ms.gov.br\/v2\/wp-json\/wp\/v2\/comments?post=20214"}],"version-history":[{"count":1,"href":"https:\/\/bandeirantes.ms.gov.br\/v2\/wp-json\/wp\/v2\/posts\/20214\/revisions"}],"predecessor-version":[{"id":20216,"href":"https:\/\/bandeirantes.ms.gov.br\/v2\/wp-json\/wp\/v2\/posts\/20214\/revisions\/20216"}],"wp:featuredmedia":[{"embeddable":true,"href":"https:\/\/bandeirantes.ms.gov.br\/v2\/wp-json\/wp\/v2\/media\/20215"}],"wp:attachment":[{"href":"https:\/\/bandeirantes.ms.gov.br\/v2\/wp-json\/wp\/v2\/media?parent=20214"}],"wp:term":[{"taxonomy":"category","embeddable":true,"href":"https:\/\/bandeirantes.ms.gov.br\/v2\/wp-json\/wp\/v2\/categories?post=20214"},{"taxonomy":"post_tag","embeddable":true,"href":"https:\/\/bandeirantes.ms.gov.br\/v2\/wp-json\/wp\/v2\/tags?post=20214"}],"curies":[{"name":"wp","href":"https:\/\/api.w.org\/{rel}","templated":true}]}}