{"id":20061,"date":"2023-11-17T07:53:16","date_gmt":"2023-11-17T11:53:16","guid":{"rendered":"https:\/\/bandeirantes.ms.gov.br\/v2\/?p=20061"},"modified":"2024-10-07T10:39:34","modified_gmt":"2024-10-07T14:39:34","slug":"onda-de-calor-mantem-temperaturas-altas-neste-final-de-semana-em-bandeirantes","status":"publish","type":"post","link":"https:\/\/bandeirantes.ms.gov.br\/v2\/2023\/11\/17\/onda-de-calor-mantem-temperaturas-altas-neste-final-de-semana-em-bandeirantes\/","title":{"rendered":"Onda de calor mant\u00e9m temperaturas altas neste final de semana em Bandeirantes"},"content":{"rendered":"<p>Nesta sexta-feira (17) o tempo vai permanecer est\u00e1vel com umidade baixa e temperatura alta, a m\u00e1xima prevista para hoje, segundo o Inmet (Instituto Nacional de Meteorologia), \u00e9 de 40\u00ba e a m\u00ednima de 25\u00ba. As condi\u00e7\u00f5es clim\u00e1ticas extremas se devem a atua\u00e7\u00e3o de um massa de ar quente e seco no estado, combinado com os efeitos do El Ni\u00f1o que amplificam as temperaturas. Por isso continuam os alertas para os cuidados com a hidrata\u00e7\u00e3o e para se evitar a pr\u00e1tica de exerc\u00edcios e grandes esfor\u00e7os f\u00edsicos das 10 \u00e0s 16h.<\/p>\n<p>O cen\u00e1rio se mant\u00e9m para o final de semana. No s\u00e1bado (18) a m\u00e1xima prevista continua nos 40\u00ba e a m\u00ednima fica em 25\u00ba. Para o domingo (19) a m\u00e1xima marca 39\u00ba e a m\u00ednima 24\u00ba, existe a possibilidade de chuvas e trovoadas isoladas.&nbsp;<\/p>\n<p>A previs\u00e3o indica que as temperaturas come\u00e7am a dar um al\u00edvio na segunda-feira com o fim da onda de calor.&nbsp;<\/p>\n<p>Ricardo Maia \/ Asscom<\/p>\n<p>&nbsp;<\/p>\n<p>&nbsp;<\/p>\n","protected":false},"excerpt":{"rendered":"<p>Nesta sexta-feira (17) o tempo vai permanecer est\u00e1vel com umidade baixa e temperatura alta, a m\u00e1xima prevista para hoje, segundo o Inmet (Instituto Nacional de Meteorologia), \u00e9 de 40\u00ba e a m\u00ednima de 25\u00ba. As condi\u00e7\u00f5es clim\u00e1ticas extremas se devem a atua\u00e7\u00e3o de um massa de ar quente e seco no estado, combinado com os [&hellip;]<\/p>\n","protected":false},"author":25,"featured_media":20062,"comment_status":"closed","ping_status":"closed","sticky":false,"template":"","format":"standard","meta":{"footnotes":""},"categories":[12],"tags":[],"class_list":["post-20061","post","type-post","status-publish","format-standard","has-post-thumbnail","hentry","category-destaques"],"_links":{"self":[{"href":"https:\/\/bandeirantes.ms.gov.br\/v2\/wp-json\/wp\/v2\/posts\/20061","targetHints":{"allow":["GET"]}}],"collection":[{"href":"https:\/\/bandeirantes.ms.gov.br\/v2\/wp-json\/wp\/v2\/posts"}],"about":[{"href":"https:\/\/bandeirantes.ms.gov.br\/v2\/wp-json\/wp\/v2\/types\/post"}],"author":[{"embeddable":true,"href":"https:\/\/bandeirantes.ms.gov.br\/v2\/wp-json\/wp\/v2\/users\/25"}],"replies":[{"embeddable":true,"href":"https:\/\/bandeirantes.ms.gov.br\/v2\/wp-json\/wp\/v2\/comments?post=20061"}],"version-history":[{"count":1,"href":"https:\/\/bandeirantes.ms.gov.br\/v2\/wp-json\/wp\/v2\/posts\/20061\/revisions"}],"predecessor-version":[{"id":20063,"href":"https:\/\/bandeirantes.ms.gov.br\/v2\/wp-json\/wp\/v2\/posts\/20061\/revisions\/20063"}],"wp:featuredmedia":[{"embeddable":true,"href":"https:\/\/bandeirantes.ms.gov.br\/v2\/wp-json\/wp\/v2\/media\/20062"}],"wp:attachment":[{"href":"https:\/\/bandeirantes.ms.gov.br\/v2\/wp-json\/wp\/v2\/media?parent=20061"}],"wp:term":[{"taxonomy":"category","embeddable":true,"href":"https:\/\/bandeirantes.ms.gov.br\/v2\/wp-json\/wp\/v2\/categories?post=20061"},{"taxonomy":"post_tag","embeddable":true,"href":"https:\/\/bandeirantes.ms.gov.br\/v2\/wp-json\/wp\/v2\/tags?post=20061"}],"curies":[{"name":"wp","href":"https:\/\/api.w.org\/{rel}","templated":true}]}}