{"id":19960,"date":"2023-11-16T07:31:28","date_gmt":"2023-11-16T11:31:28","guid":{"rendered":"https:\/\/bandeirantes.ms.gov.br\/v2\/?p=19960"},"modified":"2024-10-07T10:39:51","modified_gmt":"2024-10-07T14:39:51","slug":"calor-aumenta-e-umidade-continua-baixa-nesta-quina-feira-em-bandeirantes","status":"publish","type":"post","link":"https:\/\/bandeirantes.ms.gov.br\/v2\/2023\/11\/16\/calor-aumenta-e-umidade-continua-baixa-nesta-quina-feira-em-bandeirantes\/","title":{"rendered":"Calor aumenta e umidade continua baixa nesta quinta-feira em Bandeirantes"},"content":{"rendered":"<p>Nesta quinta-feira (16) a previs\u00e3o indica tempo est\u00e1vel em Bandeirantes com varia\u00e7\u00e3o de nebulosidade e temperaturas altas devido a influ\u00eancia da onda de calor que atinge todo o Centro-Oeste. De acordo com o Inmet (Instituto Nacional de Meteorologia) a m\u00ednima hoje deve ficar em 25\u00ba e a m\u00e1xima atinge 41\u00ba.<\/p>\n<p>A umidade pode chegar a apenas 20% o que refor\u00e7a o alerta dos cuidados com a hidrata\u00e7\u00e3o corporal e para se evitar a exposi\u00e7\u00e3o ao sol nos hor\u00e1rios mais quentes do dia.<\/p>\n<p>Ricardo Maia \/ Asscom<\/p>\n","protected":false},"excerpt":{"rendered":"<p>Nesta quinta-feira (16) a previs\u00e3o indica tempo est\u00e1vel em Bandeirantes com varia\u00e7\u00e3o de nebulosidade e temperaturas altas devido a influ\u00eancia da onda de calor que atinge todo o Centro-Oeste. De acordo com o Inmet (Instituto Nacional de Meteorologia) a m\u00ednima hoje deve ficar em 25\u00ba e a m\u00e1xima atinge 41\u00ba. A umidade pode chegar a [&hellip;]<\/p>\n","protected":false},"author":25,"featured_media":19962,"comment_status":"closed","ping_status":"closed","sticky":false,"template":"","format":"standard","meta":{"footnotes":""},"categories":[12,11],"tags":[],"class_list":["post-19960","post","type-post","status-publish","format-standard","has-post-thumbnail","hentry","category-destaques","category-prefeito"],"_links":{"self":[{"href":"https:\/\/bandeirantes.ms.gov.br\/v2\/wp-json\/wp\/v2\/posts\/19960","targetHints":{"allow":["GET"]}}],"collection":[{"href":"https:\/\/bandeirantes.ms.gov.br\/v2\/wp-json\/wp\/v2\/posts"}],"about":[{"href":"https:\/\/bandeirantes.ms.gov.br\/v2\/wp-json\/wp\/v2\/types\/post"}],"author":[{"embeddable":true,"href":"https:\/\/bandeirantes.ms.gov.br\/v2\/wp-json\/wp\/v2\/users\/25"}],"replies":[{"embeddable":true,"href":"https:\/\/bandeirantes.ms.gov.br\/v2\/wp-json\/wp\/v2\/comments?post=19960"}],"version-history":[{"count":3,"href":"https:\/\/bandeirantes.ms.gov.br\/v2\/wp-json\/wp\/v2\/posts\/19960\/revisions"}],"predecessor-version":[{"id":19965,"href":"https:\/\/bandeirantes.ms.gov.br\/v2\/wp-json\/wp\/v2\/posts\/19960\/revisions\/19965"}],"wp:featuredmedia":[{"embeddable":true,"href":"https:\/\/bandeirantes.ms.gov.br\/v2\/wp-json\/wp\/v2\/media\/19962"}],"wp:attachment":[{"href":"https:\/\/bandeirantes.ms.gov.br\/v2\/wp-json\/wp\/v2\/media?parent=19960"}],"wp:term":[{"taxonomy":"category","embeddable":true,"href":"https:\/\/bandeirantes.ms.gov.br\/v2\/wp-json\/wp\/v2\/categories?post=19960"},{"taxonomy":"post_tag","embeddable":true,"href":"https:\/\/bandeirantes.ms.gov.br\/v2\/wp-json\/wp\/v2\/tags?post=19960"}],"curies":[{"name":"wp","href":"https:\/\/api.w.org\/{rel}","templated":true}]}}