{"id":19806,"date":"2023-11-08T07:12:28","date_gmt":"2023-11-08T11:12:28","guid":{"rendered":"https:\/\/bandeirantes.ms.gov.br\/v2\/?p=19806"},"modified":"2024-10-07T10:39:57","modified_gmt":"2024-10-07T14:39:57","slug":"levantamento-realizado-pela-firjan-confirma-boa-situacao-fiscal-de-bandeirantes","status":"publish","type":"post","link":"https:\/\/bandeirantes.ms.gov.br\/v2\/2023\/11\/08\/levantamento-realizado-pela-firjan-confirma-boa-situacao-fiscal-de-bandeirantes\/","title":{"rendered":"Levantamento realizado pela Firjan confirma boa situa\u00e7\u00e3o fiscal de Bandeirantes"},"content":{"rendered":"<p><em>Entidade divulga todos os anos o levantamento atrav\u00e9s do IFGF (\u00cdndice Firjan de Gest\u00e3o Fiscal)<\/em><\/p>\n<p>Estudo realizado pela Firjan (Federa\u00e7\u00e3o das Ind\u00fastrias do Rio de Janeiro) abrangendo 5.240 munic\u00edpios brasileiros revela que Bandeirantes est\u00e1 entre as prefeituras classificadas com boa situa\u00e7\u00e3o fiscal. O levantamento refere-se ao ano de 2022 e leva em considera\u00e7\u00e3o 4 indicadores; capacidade de financiar a estrutura administrativa (autonomia financeira), gasto com pessoal, liquidez e investimento.&nbsp;<\/p>\n<p>Bandeirantes atingiu pontua\u00e7\u00e3o de 0,71, em um \u00edndice que vai de 0 a 1, quanto mais pr\u00f3ximo de 1 melhor \u00e9 a situa\u00e7\u00e3o fiscal do munic\u00edpio. Em Mato Grosso do Sul 22 prefeituras encontram-se em situa\u00e7\u00e3o fiscal dif\u00edcil ou cr\u00edtica, inclusive a capital Campo Grande. No pa\u00eds esse \u00edndice chega a 49,1%.<\/p>\n<p>Para o prefeito Gustavo Sprotte o levantamento atesta o compromisso que a gest\u00e3o tem com o equil\u00edbrio financeiro do munic\u00edpio. &#8220;Manter as contas p\u00fablicas em dia \u00e9 o que garante nossa capacidade de investimento e de honrar os compromissos da administra\u00e7\u00e3o, al\u00e9m disso, faz com que possamos oferecer servi\u00e7os de qualidade para a popula\u00e7\u00e3o, atendendo suas necessidades e fomentando o desenvolvimento&#8221;.<\/p>\n<p>O estudo da Firjan prev\u00ea um cen\u00e1rio mais dif\u00edcil para este ano, com a diminui\u00e7\u00e3o dos repasses para as prefeituras e de investimentos. Segundo a publica\u00e7\u00e3o \u00e9 necess\u00e1rio que se discuta mudan\u00e7as estruturais para garantir a capacidade financeira dos munic\u00edpios que ainda ficam muito condicionados aos ciclos econ\u00f4micos.&nbsp;<\/p>\n<p>&nbsp;Ricardo Maia \/ Asscom<\/p>\n<p>&nbsp;<\/p>\n<p>&nbsp;<\/p>\n","protected":false},"excerpt":{"rendered":"<p>Entidade divulga todos os anos o levantamento atrav\u00e9s do IFGF (\u00cdndice Firjan de Gest\u00e3o Fiscal) Estudo realizado pela Firjan (Federa\u00e7\u00e3o das Ind\u00fastrias do Rio de Janeiro) abrangendo 5.240 munic\u00edpios brasileiros revela que Bandeirantes est\u00e1 entre as prefeituras classificadas com boa situa\u00e7\u00e3o fiscal. O levantamento refere-se ao ano de 2022 e leva em considera\u00e7\u00e3o 4 indicadores; [&hellip;]<\/p>\n","protected":false},"author":25,"featured_media":19807,"comment_status":"closed","ping_status":"closed","sticky":false,"template":"","format":"standard","meta":{"footnotes":""},"categories":[12,8,11],"tags":[],"class_list":["post-19806","post","type-post","status-publish","format-standard","has-post-thumbnail","hentry","category-destaques","category-fazenda","category-prefeito"],"_links":{"self":[{"href":"https:\/\/bandeirantes.ms.gov.br\/v2\/wp-json\/wp\/v2\/posts\/19806","targetHints":{"allow":["GET"]}}],"collection":[{"href":"https:\/\/bandeirantes.ms.gov.br\/v2\/wp-json\/wp\/v2\/posts"}],"about":[{"href":"https:\/\/bandeirantes.ms.gov.br\/v2\/wp-json\/wp\/v2\/types\/post"}],"author":[{"embeddable":true,"href":"https:\/\/bandeirantes.ms.gov.br\/v2\/wp-json\/wp\/v2\/users\/25"}],"replies":[{"embeddable":true,"href":"https:\/\/bandeirantes.ms.gov.br\/v2\/wp-json\/wp\/v2\/comments?post=19806"}],"version-history":[{"count":1,"href":"https:\/\/bandeirantes.ms.gov.br\/v2\/wp-json\/wp\/v2\/posts\/19806\/revisions"}],"predecessor-version":[{"id":19808,"href":"https:\/\/bandeirantes.ms.gov.br\/v2\/wp-json\/wp\/v2\/posts\/19806\/revisions\/19808"}],"wp:featuredmedia":[{"embeddable":true,"href":"https:\/\/bandeirantes.ms.gov.br\/v2\/wp-json\/wp\/v2\/media\/19807"}],"wp:attachment":[{"href":"https:\/\/bandeirantes.ms.gov.br\/v2\/wp-json\/wp\/v2\/media?parent=19806"}],"wp:term":[{"taxonomy":"category","embeddable":true,"href":"https:\/\/bandeirantes.ms.gov.br\/v2\/wp-json\/wp\/v2\/categories?post=19806"},{"taxonomy":"post_tag","embeddable":true,"href":"https:\/\/bandeirantes.ms.gov.br\/v2\/wp-json\/wp\/v2\/tags?post=19806"}],"curies":[{"name":"wp","href":"https:\/\/api.w.org\/{rel}","templated":true}]}}