{"id":19579,"date":"2023-10-20T10:37:35","date_gmt":"2023-10-20T14:37:35","guid":{"rendered":"https:\/\/bandeirantes.ms.gov.br\/v2\/?p=19579"},"modified":"2024-10-07T10:40:08","modified_gmt":"2024-10-07T14:40:08","slug":"disputas-da-copa-cerradinho-continuam-neste-domingo-em-bandeirantes","status":"publish","type":"post","link":"https:\/\/bandeirantes.ms.gov.br\/v2\/2023\/10\/20\/disputas-da-copa-cerradinho-continuam-neste-domingo-em-bandeirantes\/","title":{"rendered":"Disputas da Copa Cerradinho continuam neste domingo em Bandeirantes"},"content":{"rendered":"<p>Acontece neste domingo (22) a 2\u00aa rodada da Copa Bandeirantes do Cerradinho de Futebol Su\u00ed\u00e7o, as disputas come\u00e7am no Cerradinho, \u00e0 partir das 14h, com a partida entre a equipe do \u00c1guia Negra e Dois Irm\u00e3os.&nbsp;<\/p>\n<p>\u00c1s 15h o time do AOBA enfrenta a Bem Bolados B e a \u00faltima partida do dia re\u00fane a Est\u00e2ncia Soares contra o C.A.B Gal\u00e1cticos. O torneio distribui um pr\u00eamio total de R$ 5 mil para o campe\u00e3o e vice.<\/p>\n<p>Confira os resultados da 1\u00aa rodada do torneio:<\/p>\n<ul>\n<li>C.A.B Gal\u00e1cticos 12 x 0 F4 Transportes<\/li>\n<li>Bem Bolados B 9 x 0 \u00c1guia Negra<\/li>\n<li>S\u00f3 Sal 3 x 2 Juventus Sub-17<\/li>\n<\/ul>\n<p>Ricardo Maia \/ Asscom<\/p>\n","protected":false},"excerpt":{"rendered":"<p>Acontece neste domingo (22) a 2\u00aa rodada da Copa Bandeirantes do Cerradinho de Futebol Su\u00ed\u00e7o, as disputas come\u00e7am no Cerradinho, \u00e0 partir das 14h, com a partida entre a equipe do \u00c1guia Negra e Dois Irm\u00e3os.&nbsp; \u00c1s 15h o time do AOBA enfrenta a Bem Bolados B e a \u00faltima partida do dia re\u00fane a [&hellip;]<\/p>\n","protected":false},"author":25,"featured_media":19580,"comment_status":"closed","ping_status":"closed","sticky":false,"template":"","format":"standard","meta":{"footnotes":""},"categories":[12,7,127,11],"tags":[],"class_list":["post-19579","post","type-post","status-publish","format-standard","has-post-thumbnail","hentry","category-destaques","category-esporte-e-lazer","category-fundacao-de-cultura-e-esporte","category-prefeito"],"_links":{"self":[{"href":"https:\/\/bandeirantes.ms.gov.br\/v2\/wp-json\/wp\/v2\/posts\/19579","targetHints":{"allow":["GET"]}}],"collection":[{"href":"https:\/\/bandeirantes.ms.gov.br\/v2\/wp-json\/wp\/v2\/posts"}],"about":[{"href":"https:\/\/bandeirantes.ms.gov.br\/v2\/wp-json\/wp\/v2\/types\/post"}],"author":[{"embeddable":true,"href":"https:\/\/bandeirantes.ms.gov.br\/v2\/wp-json\/wp\/v2\/users\/25"}],"replies":[{"embeddable":true,"href":"https:\/\/bandeirantes.ms.gov.br\/v2\/wp-json\/wp\/v2\/comments?post=19579"}],"version-history":[{"count":1,"href":"https:\/\/bandeirantes.ms.gov.br\/v2\/wp-json\/wp\/v2\/posts\/19579\/revisions"}],"predecessor-version":[{"id":19581,"href":"https:\/\/bandeirantes.ms.gov.br\/v2\/wp-json\/wp\/v2\/posts\/19579\/revisions\/19581"}],"wp:featuredmedia":[{"embeddable":true,"href":"https:\/\/bandeirantes.ms.gov.br\/v2\/wp-json\/wp\/v2\/media\/19580"}],"wp:attachment":[{"href":"https:\/\/bandeirantes.ms.gov.br\/v2\/wp-json\/wp\/v2\/media?parent=19579"}],"wp:term":[{"taxonomy":"category","embeddable":true,"href":"https:\/\/bandeirantes.ms.gov.br\/v2\/wp-json\/wp\/v2\/categories?post=19579"},{"taxonomy":"post_tag","embeddable":true,"href":"https:\/\/bandeirantes.ms.gov.br\/v2\/wp-json\/wp\/v2\/tags?post=19579"}],"curies":[{"name":"wp","href":"https:\/\/api.w.org\/{rel}","templated":true}]}}