{"id":19350,"date":"2023-10-04T07:52:24","date_gmt":"2023-10-04T11:52:24","guid":{"rendered":"https:\/\/bandeirantes.ms.gov.br\/v2\/?p=19350"},"modified":"2024-10-07T10:40:17","modified_gmt":"2024-10-07T14:40:17","slug":"previsao-de-dia-quente-com-possibilidade-de-chuva-em-bandeirantes","status":"publish","type":"post","link":"https:\/\/bandeirantes.ms.gov.br\/v2\/2023\/10\/04\/previsao-de-dia-quente-com-possibilidade-de-chuva-em-bandeirantes\/","title":{"rendered":"Previs\u00e3o de dia quente com possibilidade de chuva em Bandeirantes"},"content":{"rendered":"<p>Nesta quarta-feira (4) a previs\u00e3o indica temperatura alta com varia\u00e7\u00e3o de nebulosidade e possibilidade de chuvas e trovoadas isoladas em Bandeirantes. Segundo o Inmet (Instituto Nacional de Meteorologia) a m\u00ednima para hoje \u00e9 de 23\u00ba e a m\u00e1xima 36\u00ba. A instabilidade \u00e9 resultado do tempo \u00famido e quente combinado com o avan\u00e7o de uma frente fria de fraca intensidade.<\/p>\n<p>Ricardo Maia \/ Asscom<\/p>\n","protected":false},"excerpt":{"rendered":"<p>Nesta quarta-feira (4) a previs\u00e3o indica temperatura alta com varia\u00e7\u00e3o de nebulosidade e possibilidade de chuvas e trovoadas isoladas em Bandeirantes. Segundo o Inmet (Instituto Nacional de Meteorologia) a m\u00ednima para hoje \u00e9 de 23\u00ba e a m\u00e1xima 36\u00ba. A instabilidade \u00e9 resultado do tempo \u00famido e quente combinado com o avan\u00e7o de uma frente [&hellip;]<\/p>\n","protected":false},"author":25,"featured_media":18843,"comment_status":"closed","ping_status":"closed","sticky":false,"template":"","format":"standard","meta":{"footnotes":""},"categories":[12],"tags":[],"class_list":["post-19350","post","type-post","status-publish","format-standard","has-post-thumbnail","hentry","category-destaques"],"_links":{"self":[{"href":"https:\/\/bandeirantes.ms.gov.br\/v2\/wp-json\/wp\/v2\/posts\/19350","targetHints":{"allow":["GET"]}}],"collection":[{"href":"https:\/\/bandeirantes.ms.gov.br\/v2\/wp-json\/wp\/v2\/posts"}],"about":[{"href":"https:\/\/bandeirantes.ms.gov.br\/v2\/wp-json\/wp\/v2\/types\/post"}],"author":[{"embeddable":true,"href":"https:\/\/bandeirantes.ms.gov.br\/v2\/wp-json\/wp\/v2\/users\/25"}],"replies":[{"embeddable":true,"href":"https:\/\/bandeirantes.ms.gov.br\/v2\/wp-json\/wp\/v2\/comments?post=19350"}],"version-history":[{"count":1,"href":"https:\/\/bandeirantes.ms.gov.br\/v2\/wp-json\/wp\/v2\/posts\/19350\/revisions"}],"predecessor-version":[{"id":19351,"href":"https:\/\/bandeirantes.ms.gov.br\/v2\/wp-json\/wp\/v2\/posts\/19350\/revisions\/19351"}],"wp:featuredmedia":[{"embeddable":true,"href":"https:\/\/bandeirantes.ms.gov.br\/v2\/wp-json\/wp\/v2\/media\/18843"}],"wp:attachment":[{"href":"https:\/\/bandeirantes.ms.gov.br\/v2\/wp-json\/wp\/v2\/media?parent=19350"}],"wp:term":[{"taxonomy":"category","embeddable":true,"href":"https:\/\/bandeirantes.ms.gov.br\/v2\/wp-json\/wp\/v2\/categories?post=19350"},{"taxonomy":"post_tag","embeddable":true,"href":"https:\/\/bandeirantes.ms.gov.br\/v2\/wp-json\/wp\/v2\/tags?post=19350"}],"curies":[{"name":"wp","href":"https:\/\/api.w.org\/{rel}","templated":true}]}}