{"id":19268,"date":"2023-09-29T07:51:22","date_gmt":"2023-09-29T11:51:22","guid":{"rendered":"https:\/\/bandeirantes.ms.gov.br\/v2\/?p=19268"},"modified":"2024-10-07T10:40:21","modified_gmt":"2024-10-07T14:40:21","slug":"tempo-deve-ficar-instavel-neste-fim-de-semana-em-bandeirantes","status":"publish","type":"post","link":"https:\/\/bandeirantes.ms.gov.br\/v2\/2023\/09\/29\/tempo-deve-ficar-instavel-neste-fim-de-semana-em-bandeirantes\/","title":{"rendered":"Tempo deve ficar inst\u00e1vel neste fim de semana em Bandeirantes"},"content":{"rendered":"<p>O tempo volta a ficar inst\u00e1vel com varia\u00e7\u00e3o de nebulosidade nesta sexta-feira (29) em Bandeirantes. Segundo o Inmet (Instituto Nacional de Meteorologia) existe a possibilidade de chuvas e trovoadas isoladas no per\u00edodo da tarde e noite. Apesar disso a temperatura continua elevada, com m\u00e1xima de 35\u00ba e m\u00ednima de 23\u00ba.<\/p>\n<p>Para o s\u00e1bado (30) a previs\u00e3o \u00e9 de c\u00e9u encoberto e chuvisco durante todo dia, as temperaturas mant\u00e9m-se, com m\u00ednima de 23\u00ba e m\u00e1xima de 35\u00ba. No domingo (1), primeiro dia do m\u00eas de outubro, devem ocorrer chuvas e trovoadas isoladas, a temperatura m\u00ednima prevista \u00e9 de 23\u00ba e a m\u00e1xima sobe um pouco, devendo chegar a 36\u00ba.&nbsp;<\/p>\n<p>&nbsp;<\/p>\n<p><img loading=\"lazy\" decoding=\"async\" class=\"aligncenter size-full wp-image-19269\" src=\"https:\/\/bandeirantes.ms.gov.br\/v2\/wp-content\/uploads\/2023\/09\/mapa-tempo-29.jpg\" alt=\"\" width=\"1008\" height=\"706\" srcset=\"https:\/\/bandeirantes.ms.gov.br\/v2\/wp-content\/uploads\/2023\/09\/mapa-tempo-29.jpg 1008w, https:\/\/bandeirantes.ms.gov.br\/v2\/wp-content\/uploads\/2023\/09\/mapa-tempo-29-300x210.jpg 300w, https:\/\/bandeirantes.ms.gov.br\/v2\/wp-content\/uploads\/2023\/09\/mapa-tempo-29-768x538.jpg 768w, https:\/\/bandeirantes.ms.gov.br\/v2\/wp-content\/uploads\/2023\/09\/mapa-tempo-29-696x487.jpg 696w, https:\/\/bandeirantes.ms.gov.br\/v2\/wp-content\/uploads\/2023\/09\/mapa-tempo-29-600x420.jpg 600w, https:\/\/bandeirantes.ms.gov.br\/v2\/wp-content\/uploads\/2023\/09\/mapa-tempo-29-100x70.jpg 100w\" sizes=\"auto, (max-width: 1008px) 100vw, 1008px\" \/><\/p>\n<p>&nbsp;<\/p>\n<p>Ricardo Maia \/ Asscom&nbsp;<\/p>\n","protected":false},"excerpt":{"rendered":"<p>O tempo volta a ficar inst\u00e1vel com varia\u00e7\u00e3o de nebulosidade nesta sexta-feira (29) em Bandeirantes. Segundo o Inmet (Instituto Nacional de Meteorologia) existe a possibilidade de chuvas e trovoadas isoladas no per\u00edodo da tarde e noite. Apesar disso a temperatura continua elevada, com m\u00e1xima de 35\u00ba e m\u00ednima de 23\u00ba. Para o s\u00e1bado (30) a [&hellip;]<\/p>\n","protected":false},"author":25,"featured_media":19270,"comment_status":"closed","ping_status":"closed","sticky":false,"template":"","format":"standard","meta":{"footnotes":""},"categories":[12],"tags":[],"class_list":["post-19268","post","type-post","status-publish","format-standard","has-post-thumbnail","hentry","category-destaques"],"_links":{"self":[{"href":"https:\/\/bandeirantes.ms.gov.br\/v2\/wp-json\/wp\/v2\/posts\/19268","targetHints":{"allow":["GET"]}}],"collection":[{"href":"https:\/\/bandeirantes.ms.gov.br\/v2\/wp-json\/wp\/v2\/posts"}],"about":[{"href":"https:\/\/bandeirantes.ms.gov.br\/v2\/wp-json\/wp\/v2\/types\/post"}],"author":[{"embeddable":true,"href":"https:\/\/bandeirantes.ms.gov.br\/v2\/wp-json\/wp\/v2\/users\/25"}],"replies":[{"embeddable":true,"href":"https:\/\/bandeirantes.ms.gov.br\/v2\/wp-json\/wp\/v2\/comments?post=19268"}],"version-history":[{"count":1,"href":"https:\/\/bandeirantes.ms.gov.br\/v2\/wp-json\/wp\/v2\/posts\/19268\/revisions"}],"predecessor-version":[{"id":19271,"href":"https:\/\/bandeirantes.ms.gov.br\/v2\/wp-json\/wp\/v2\/posts\/19268\/revisions\/19271"}],"wp:featuredmedia":[{"embeddable":true,"href":"https:\/\/bandeirantes.ms.gov.br\/v2\/wp-json\/wp\/v2\/media\/19270"}],"wp:attachment":[{"href":"https:\/\/bandeirantes.ms.gov.br\/v2\/wp-json\/wp\/v2\/media?parent=19268"}],"wp:term":[{"taxonomy":"category","embeddable":true,"href":"https:\/\/bandeirantes.ms.gov.br\/v2\/wp-json\/wp\/v2\/categories?post=19268"},{"taxonomy":"post_tag","embeddable":true,"href":"https:\/\/bandeirantes.ms.gov.br\/v2\/wp-json\/wp\/v2\/tags?post=19268"}],"curies":[{"name":"wp","href":"https:\/\/api.w.org\/{rel}","templated":true}]}}