{"id":13461,"date":"2022-11-25T16:21:39","date_gmt":"2022-11-25T20:21:39","guid":{"rendered":"https:\/\/bandeirantes.ms.gov.br\/v2\/?p=13461"},"modified":"2024-10-07T10:50:42","modified_gmt":"2024-10-07T14:50:42","slug":"avanca-bandeirantes-obra-beneficia-pequenos-agricultores-dos-assentamentos-agroban-e-agripja","status":"publish","type":"post","link":"https:\/\/bandeirantes.ms.gov.br\/v2\/2022\/11\/25\/avanca-bandeirantes-obra-beneficia-pequenos-agricultores-dos-assentamentos-agroban-e-agripja\/","title":{"rendered":"Avan\u00e7a Bandeirantes: Obra beneficia pequenos agricultores dos Assentamentos Agroban e Agripja"},"content":{"rendered":"<p><strong>Ser\u00e3o beneficiadas 60 fam\u00edlias com a abertura das vias \u00e0s margens da rodovia<\/strong><\/p>\n<p>Dando continuidade \u00e0s a\u00e7\u00f5es do Programa Avan\u00e7a Bandeirantes, o prefeito, Gustavo Sprotte, e o secret\u00e1rio de Agricultura, Meio ambiente e Pecu\u00e1ria, Gelson Guimar\u00e3es, visitaram nesta sexta-feira (25), as obras nas vias \u00e0s margens da rodovia MS-340.<\/p>\n<p>No total ser\u00e3o abertos 3 km de estrada nos dois lados da rodovia, o que vai garantir seguran\u00e7a para o tr\u00e2nsito da comunidade rural dos assentamentos. &nbsp;<\/p>\n<p>O prefeito destacou a import\u00e2ncia da obra para os moradores, \u201cVamos cascalhar as duas margens para as pessoas poderem caminhar com seguran\u00e7a, e daqui uns dias vamos colocar ilumina\u00e7\u00e3o de LED\u201d, afirmou.<\/p>\n<p>Para o morador, Alu\u00edzio Pereira de Souza, a obra vai melhorar o acesso para os assentamentos, \u201cEst\u00e1 ficando \u00f3timo, todo ficou muito contente\u201d, comemorou.<\/p>\n<p>O secret\u00e1rio, Gelson Guimar\u00e3es, tamb\u00e9m destacou a seguran\u00e7a, para ele a obra vai evitar acidentes e diminuir o tr\u00e2nsito de pessoas na rodovia.<\/p>\n<p><strong>Serra Barreirinho Flores<\/strong><\/p>\n<p>O prefeito, visitou ainda as melhorias que est\u00e3o sendo realizadas na Serra Barreirinho Flores, na regi\u00e3o de mesmo nome. Para facilitar o tr\u00e1fego na estrada, foi realizada obra para diminuir a altura da serra.<\/p>\n<p>&nbsp;<\/p>\n<p>Ricardo Maia \/ Asscom<\/p>\n<p>&nbsp;<\/p>\n<p><img loading=\"lazy\" decoding=\"async\" class=\"alignnone size-medium wp-image-13462\" src=\"https:\/\/bandeirantes.ms.gov.br\/v2\/wp-content\/uploads\/2022\/11\/WhatsApp-Image-2022-11-25-at-13.26.03-300x225.jpeg\" alt=\"\" width=\"300\" height=\"225\" srcset=\"https:\/\/bandeirantes.ms.gov.br\/v2\/wp-content\/uploads\/2022\/11\/WhatsApp-Image-2022-11-25-at-13.26.03-300x225.jpeg 300w, https:\/\/bandeirantes.ms.gov.br\/v2\/wp-content\/uploads\/2022\/11\/WhatsApp-Image-2022-11-25-at-13.26.03-1024x768.jpeg 1024w, https:\/\/bandeirantes.ms.gov.br\/v2\/wp-content\/uploads\/2022\/11\/WhatsApp-Image-2022-11-25-at-13.26.03-768x576.jpeg 768w, https:\/\/bandeirantes.ms.gov.br\/v2\/wp-content\/uploads\/2022\/11\/WhatsApp-Image-2022-11-25-at-13.26.03-1536x1152.jpeg 1536w, https:\/\/bandeirantes.ms.gov.br\/v2\/wp-content\/uploads\/2022\/11\/WhatsApp-Image-2022-11-25-at-13.26.03-696x522.jpeg 696w, https:\/\/bandeirantes.ms.gov.br\/v2\/wp-content\/uploads\/2022\/11\/WhatsApp-Image-2022-11-25-at-13.26.03-1068x801.jpeg 1068w, https:\/\/bandeirantes.ms.gov.br\/v2\/wp-content\/uploads\/2022\/11\/WhatsApp-Image-2022-11-25-at-13.26.03-560x420.jpeg 560w, https:\/\/bandeirantes.ms.gov.br\/v2\/wp-content\/uploads\/2022\/11\/WhatsApp-Image-2022-11-25-at-13.26.03-80x60.jpeg 80w, https:\/\/bandeirantes.ms.gov.br\/v2\/wp-content\/uploads\/2022\/11\/WhatsApp-Image-2022-11-25-at-13.26.03-265x198.jpeg 265w, https:\/\/bandeirantes.ms.gov.br\/v2\/wp-content\/uploads\/2022\/11\/WhatsApp-Image-2022-11-25-at-13.26.03.jpeg 1600w\" sizes=\"auto, (max-width: 300px) 100vw, 300px\" \/><img loading=\"lazy\" decoding=\"async\" class=\"alignnone size-medium wp-image-13465\" src=\"https:\/\/bandeirantes.ms.gov.br\/v2\/wp-content\/uploads\/2022\/11\/WhatsApp-Image-2022-11-25-at-13.26.01-1-300x169.jpeg\" alt=\"\" width=\"300\" height=\"169\" srcset=\"https:\/\/bandeirantes.ms.gov.br\/v2\/wp-content\/uploads\/2022\/11\/WhatsApp-Image-2022-11-25-at-13.26.01-1-300x169.jpeg 300w, https:\/\/bandeirantes.ms.gov.br\/v2\/wp-content\/uploads\/2022\/11\/WhatsApp-Image-2022-11-25-at-13.26.01-1-1024x576.jpeg 1024w, https:\/\/bandeirantes.ms.gov.br\/v2\/wp-content\/uploads\/2022\/11\/WhatsApp-Image-2022-11-25-at-13.26.01-1-768x432.jpeg 768w, https:\/\/bandeirantes.ms.gov.br\/v2\/wp-content\/uploads\/2022\/11\/WhatsApp-Image-2022-11-25-at-13.26.01-1-1536x864.jpeg 1536w, https:\/\/bandeirantes.ms.gov.br\/v2\/wp-content\/uploads\/2022\/11\/WhatsApp-Image-2022-11-25-at-13.26.01-1-696x392.jpeg 696w, https:\/\/bandeirantes.ms.gov.br\/v2\/wp-content\/uploads\/2022\/11\/WhatsApp-Image-2022-11-25-at-13.26.01-1-1068x601.jpeg 1068w, https:\/\/bandeirantes.ms.gov.br\/v2\/wp-content\/uploads\/2022\/11\/WhatsApp-Image-2022-11-25-at-13.26.01-1-747x420.jpeg 747w, https:\/\/bandeirantes.ms.gov.br\/v2\/wp-content\/uploads\/2022\/11\/WhatsApp-Image-2022-11-25-at-13.26.01-1.jpeg 1600w\" sizes=\"auto, (max-width: 300px) 100vw, 300px\" \/><\/p>\n<p><img loading=\"lazy\" decoding=\"async\" class=\"alignnone size-medium wp-image-13470\" src=\"https:\/\/bandeirantes.ms.gov.br\/v2\/wp-content\/uploads\/2022\/11\/Serra-barreirinho-300x225.jpeg\" alt=\"\" width=\"300\" height=\"225\" srcset=\"https:\/\/bandeirantes.ms.gov.br\/v2\/wp-content\/uploads\/2022\/11\/Serra-barreirinho-300x225.jpeg 300w, https:\/\/bandeirantes.ms.gov.br\/v2\/wp-content\/uploads\/2022\/11\/Serra-barreirinho-1024x768.jpeg 1024w, https:\/\/bandeirantes.ms.gov.br\/v2\/wp-content\/uploads\/2022\/11\/Serra-barreirinho-768x576.jpeg 768w, https:\/\/bandeirantes.ms.gov.br\/v2\/wp-content\/uploads\/2022\/11\/Serra-barreirinho-1536x1152.jpeg 1536w, https:\/\/bandeirantes.ms.gov.br\/v2\/wp-content\/uploads\/2022\/11\/Serra-barreirinho-696x522.jpeg 696w, https:\/\/bandeirantes.ms.gov.br\/v2\/wp-content\/uploads\/2022\/11\/Serra-barreirinho-1068x801.jpeg 1068w, https:\/\/bandeirantes.ms.gov.br\/v2\/wp-content\/uploads\/2022\/11\/Serra-barreirinho-560x420.jpeg 560w, https:\/\/bandeirantes.ms.gov.br\/v2\/wp-content\/uploads\/2022\/11\/Serra-barreirinho-80x60.jpeg 80w, https:\/\/bandeirantes.ms.gov.br\/v2\/wp-content\/uploads\/2022\/11\/Serra-barreirinho-265x198.jpeg 265w, https:\/\/bandeirantes.ms.gov.br\/v2\/wp-content\/uploads\/2022\/11\/Serra-barreirinho.jpeg 1600w\" sizes=\"auto, (max-width: 300px) 100vw, 300px\" \/><img loading=\"lazy\" decoding=\"async\" class=\"alignnone size-medium wp-image-13471\" src=\"https:\/\/bandeirantes.ms.gov.br\/v2\/wp-content\/uploads\/2022\/11\/WhatsApp-Image-2022-11-25-at-13.25.05-300x169.jpeg\" alt=\"\" width=\"300\" height=\"169\" srcset=\"https:\/\/bandeirantes.ms.gov.br\/v2\/wp-content\/uploads\/2022\/11\/WhatsApp-Image-2022-11-25-at-13.25.05-300x169.jpeg 300w, https:\/\/bandeirantes.ms.gov.br\/v2\/wp-content\/uploads\/2022\/11\/WhatsApp-Image-2022-11-25-at-13.25.05-1024x576.jpeg 1024w, https:\/\/bandeirantes.ms.gov.br\/v2\/wp-content\/uploads\/2022\/11\/WhatsApp-Image-2022-11-25-at-13.25.05-768x432.jpeg 768w, https:\/\/bandeirantes.ms.gov.br\/v2\/wp-content\/uploads\/2022\/11\/WhatsApp-Image-2022-11-25-at-13.25.05-1536x864.jpeg 1536w, https:\/\/bandeirantes.ms.gov.br\/v2\/wp-content\/uploads\/2022\/11\/WhatsApp-Image-2022-11-25-at-13.25.05-696x392.jpeg 696w, https:\/\/bandeirantes.ms.gov.br\/v2\/wp-content\/uploads\/2022\/11\/WhatsApp-Image-2022-11-25-at-13.25.05-1068x601.jpeg 1068w, https:\/\/bandeirantes.ms.gov.br\/v2\/wp-content\/uploads\/2022\/11\/WhatsApp-Image-2022-11-25-at-13.25.05-747x420.jpeg 747w, https:\/\/bandeirantes.ms.gov.br\/v2\/wp-content\/uploads\/2022\/11\/WhatsApp-Image-2022-11-25-at-13.25.05.jpeg 1600w\" sizes=\"auto, (max-width: 300px) 100vw, 300px\" \/>&nbsp;<img loading=\"lazy\" decoding=\"async\" class=\"alignnone size-medium wp-image-13469\" src=\"https:\/\/bandeirantes.ms.gov.br\/v2\/wp-content\/uploads\/2022\/11\/WhatsApp-Image-2022-11-25-at-13.26.00-300x225.jpeg\" alt=\"\" width=\"300\" height=\"225\" srcset=\"https:\/\/bandeirantes.ms.gov.br\/v2\/wp-content\/uploads\/2022\/11\/WhatsApp-Image-2022-11-25-at-13.26.00-300x225.jpeg 300w, https:\/\/bandeirantes.ms.gov.br\/v2\/wp-content\/uploads\/2022\/11\/WhatsApp-Image-2022-11-25-at-13.26.00-1024x768.jpeg 1024w, https:\/\/bandeirantes.ms.gov.br\/v2\/wp-content\/uploads\/2022\/11\/WhatsApp-Image-2022-11-25-at-13.26.00-768x576.jpeg 768w, https:\/\/bandeirantes.ms.gov.br\/v2\/wp-content\/uploads\/2022\/11\/WhatsApp-Image-2022-11-25-at-13.26.00-1536x1152.jpeg 1536w, https:\/\/bandeirantes.ms.gov.br\/v2\/wp-content\/uploads\/2022\/11\/WhatsApp-Image-2022-11-25-at-13.26.00-696x522.jpeg 696w, https:\/\/bandeirantes.ms.gov.br\/v2\/wp-content\/uploads\/2022\/11\/WhatsApp-Image-2022-11-25-at-13.26.00-1068x801.jpeg 1068w, https:\/\/bandeirantes.ms.gov.br\/v2\/wp-content\/uploads\/2022\/11\/WhatsApp-Image-2022-11-25-at-13.26.00-560x420.jpeg 560w, https:\/\/bandeirantes.ms.gov.br\/v2\/wp-content\/uploads\/2022\/11\/WhatsApp-Image-2022-11-25-at-13.26.00-80x60.jpeg 80w, https:\/\/bandeirantes.ms.gov.br\/v2\/wp-content\/uploads\/2022\/11\/WhatsApp-Image-2022-11-25-at-13.26.00-265x198.jpeg 265w, https:\/\/bandeirantes.ms.gov.br\/v2\/wp-content\/uploads\/2022\/11\/WhatsApp-Image-2022-11-25-at-13.26.00.jpeg 1600w\" sizes=\"auto, (max-width: 300px) 100vw, 300px\" \/><\/p>\n","protected":false},"excerpt":{"rendered":"<p>Ser\u00e3o beneficiadas 60 fam\u00edlias com a abertura das vias \u00e0s margens da rodovia Dando continuidade \u00e0s a\u00e7\u00f5es do Programa Avan\u00e7a Bandeirantes, o prefeito, Gustavo Sprotte, e o secret\u00e1rio de Agricultura, Meio ambiente e Pecu\u00e1ria, Gelson Guimar\u00e3es, visitaram nesta sexta-feira (25), as obras nas vias \u00e0s margens da rodovia MS-340. No total ser\u00e3o abertos 3 km [&hellip;]<\/p>\n","protected":false},"author":25,"featured_media":13463,"comment_status":"closed","ping_status":"closed","sticky":false,"template":"","format":"standard","meta":{"footnotes":""},"categories":[5,12,13,11],"tags":[],"class_list":["post-13461","post","type-post","status-publish","format-standard","has-post-thumbnail","hentry","category-agricultura-pecuaria-e-desenvolvimento-agraria","category-destaques","category-governo","category-prefeito"],"_links":{"self":[{"href":"https:\/\/bandeirantes.ms.gov.br\/v2\/wp-json\/wp\/v2\/posts\/13461","targetHints":{"allow":["GET"]}}],"collection":[{"href":"https:\/\/bandeirantes.ms.gov.br\/v2\/wp-json\/wp\/v2\/posts"}],"about":[{"href":"https:\/\/bandeirantes.ms.gov.br\/v2\/wp-json\/wp\/v2\/types\/post"}],"author":[{"embeddable":true,"href":"https:\/\/bandeirantes.ms.gov.br\/v2\/wp-json\/wp\/v2\/users\/25"}],"replies":[{"embeddable":true,"href":"https:\/\/bandeirantes.ms.gov.br\/v2\/wp-json\/wp\/v2\/comments?post=13461"}],"version-history":[{"count":3,"href":"https:\/\/bandeirantes.ms.gov.br\/v2\/wp-json\/wp\/v2\/posts\/13461\/revisions"}],"predecessor-version":[{"id":13474,"href":"https:\/\/bandeirantes.ms.gov.br\/v2\/wp-json\/wp\/v2\/posts\/13461\/revisions\/13474"}],"wp:featuredmedia":[{"embeddable":true,"href":"https:\/\/bandeirantes.ms.gov.br\/v2\/wp-json\/wp\/v2\/media\/13463"}],"wp:attachment":[{"href":"https:\/\/bandeirantes.ms.gov.br\/v2\/wp-json\/wp\/v2\/media?parent=13461"}],"wp:term":[{"taxonomy":"category","embeddable":true,"href":"https:\/\/bandeirantes.ms.gov.br\/v2\/wp-json\/wp\/v2\/categories?post=13461"},{"taxonomy":"post_tag","embeddable":true,"href":"https:\/\/bandeirantes.ms.gov.br\/v2\/wp-json\/wp\/v2\/tags?post=13461"}],"curies":[{"name":"wp","href":"https:\/\/api.w.org\/{rel}","templated":true}]}}